{"id":79135,"date":"2022-01-07T15:18:07","date_gmt":"2022-01-07T18:18:07","guid":{"rendered":"https:\/\/blogdoedvaldomagalhaes.com.br\/?p=79135"},"modified":"2022-01-07T15:18:09","modified_gmt":"2022-01-07T18:18:09","slug":"anderson-correia-visita-parque-ambiental-com-secretarios-pede-construcao-de-um-parcao-e-melhorias-para-o-local","status":"publish","type":"post","link":"https:\/\/blogdoedvaldomagalhaes.com.br\/index.php\/2022\/01\/07\/anderson-correia-visita-parque-ambiental-com-secretarios-pede-construcao-de-um-parcao-e-melhorias-para-o-local\/","title":{"rendered":"Anderson Correia visita parque ambiental com secret\u00e1rios, pede constru\u00e7\u00e3o de um Parc\u00e3o e melhorias para o local"},"content":{"rendered":"<p style=\"text-align: justify;\"><span style=\"font-size: inherit;\">Na manh\u00e3 desta sexta-feira (7), o vereador e Presidente da Comiss\u00e3o Permanente dos Direitos dos Animais, Anderson Correia (PP), visitou o Parque Ambiental das Bara\u00fanas, no bairro Luiz Gonzaga, com o Secret\u00e1rio de Servi\u00e7os P\u00fablicos e Sustentabilidade de Caruaru, Ytalo Farias e com o Secret\u00e1rio Executivo de Sustentabilidade, Ramon Abelenda. Na ocasi\u00e3o, o parlamentar pediu melhorias para o parque, que \u00e9 um importante equipamento de visita\u00e7\u00f5es e de lazer do munic\u00edpio.<\/span><\/p>\n<p style=\"text-align: justify;\">Dentre as solicita\u00e7\u00f5es, o edil pediu a constru\u00e7\u00e3o de um Parc\u00e3o &#8211; espa\u00e7o planejado para as fam\u00edlias curtirem seus pets, onde pode soltar o cachorro da guia e deix\u00e1-lo brincar \u00e0 vontade. Al\u00e9m disso, Anderson solicitou a confec\u00e7\u00e3o de fardamento para os trabalhadores do local, reparos na ilumina\u00e7\u00e3o do parque &#8211; que est\u00e1 em apenas 30% -, melhorias na quadra de areia e a manuten\u00e7\u00e3o das partes hidr\u00e1ulica e el\u00e9trica dos banheiros.<\/p>\n<p style=\"text-align: justify;\">\u201cO Parque das Bara\u00fanas \u00e9 bel\u00edssimo e \u00e9 um importante equipamento de lazer de Caruaru, por isso, precisamos cuidar dele e essa reuni\u00e3o foi para isso, para solicitar as manuten\u00e7\u00f5es e melhorias necess\u00e1rias. Sugerimos a constru\u00e7\u00e3o de um Parc\u00e3o, o \u201cParque Pet\u201d, que deixar\u00e1 o local ainda mais atrativo e beneficiar\u00e1 fam\u00edlias e os animais n\u00e3o-humanos n\u00e3o s\u00f3 do bairro Luiz Gonzaga, mas de toda cidade\u201d, destacou o parlamentar.<\/p>\n","protected":false},"excerpt":{"rendered":"<p>Na manh\u00e3 desta sexta-feira (7), o vereador e Presidente da Comiss\u00e3o Permanente dos Direitos dos Animais, Anderson Correia (PP), visitou&hellip;<\/p>\n","protected":false},"author":1,"featured_media":79136,"comment_status":"open","ping_status":"open","sticky":false,"template":"","format":"standard","meta":{"footnotes":""},"categories":[14122],"tags":[23753,2,19532,3406],"class_list":["post-79135","post","type-post","status-publish","format-standard","has-post-thumbnail","hentry","category-politica","tag-anderson-correia-visita-parque-ambiental-com-secretarios-pede-construcao-de-um-parcao-e-melhorias-para-o-local","tag-blog-do-edvaldo-magalhaes","tag-blog-mais-acessado-e-visualizado-de-caruaru-e-regiao","tag-caruaru"],"_links":{"self":[{"href":"https:\/\/blogdoedvaldomagalhaes.com.br\/index.php\/wp-json\/wp\/v2\/posts\/79135","targetHints":{"allow":["GET"]}}],"collection":[{"href":"https:\/\/blogdoedvaldomagalhaes.com.br\/index.php\/wp-json\/wp\/v2\/posts"}],"about":[{"href":"https:\/\/blogdoedvaldomagalhaes.com.br\/index.php\/wp-json\/wp\/v2\/types\/post"}],"author":[{"embeddable":true,"href":"https:\/\/blogdoedvaldomagalhaes.com.br\/index.php\/wp-json\/wp\/v2\/users\/1"}],"replies":[{"embeddable":true,"href":"https:\/\/blogdoedvaldomagalhaes.com.br\/index.php\/wp-json\/wp\/v2\/comments?post=79135"}],"version-history":[{"count":1,"href":"https:\/\/blogdoedvaldomagalhaes.com.br\/index.php\/wp-json\/wp\/v2\/posts\/79135\/revisions"}],"predecessor-version":[{"id":79137,"href":"https:\/\/blogdoedvaldomagalhaes.com.br\/index.php\/wp-json\/wp\/v2\/posts\/79135\/revisions\/79137"}],"wp:featuredmedia":[{"embeddable":true,"href":"https:\/\/blogdoedvaldomagalhaes.com.br\/index.php\/wp-json\/wp\/v2\/media\/79136"}],"wp:attachment":[{"href":"https:\/\/blogdoedvaldomagalhaes.com.br\/index.php\/wp-json\/wp\/v2\/media?parent=79135"}],"wp:term":[{"taxonomy":"category","embeddable":true,"href":"https:\/\/blogdoedvaldomagalhaes.com.br\/index.php\/wp-json\/wp\/v2\/categories?post=79135"},{"taxonomy":"post_tag","embeddable":true,"href":"https:\/\/blogdoedvaldomagalhaes.com.br\/index.php\/wp-json\/wp\/v2\/tags?post=79135"}],"curies":[{"name":"wp","href":"https:\/\/api.w.org\/{rel}","templated":true}]}}