{"id":79131,"date":"2022-01-07T14:59:05","date_gmt":"2022-01-07T17:59:05","guid":{"rendered":"https:\/\/blogdoedvaldomagalhaes.com.br\/?p=79131"},"modified":"2022-01-07T14:59:07","modified_gmt":"2022-01-07T17:59:07","slug":"base-de-operacoes-aereas-do-nordeste-e-implantada-pela-prf-em-pernambuco","status":"publish","type":"post","link":"https:\/\/blogdoedvaldomagalhaes.com.br\/index.php\/2022\/01\/07\/base-de-operacoes-aereas-do-nordeste-e-implantada-pela-prf-em-pernambuco\/","title":{"rendered":"Base de Opera\u00e7\u00f5es A\u00e9reas do Nordeste \u00e9 implantada pela PRF em Pernambuco"},"content":{"rendered":"<p style=\"text-align: justify;\"><span style=\"font-size: inherit;\">A Base de Opera\u00e7\u00f5es A\u00e9reas do Nordeste foi implantada nesta semana pela Pol\u00edcia Rodovi\u00e1ria Federal (PRF), em um hangar cedido pela For\u00e7a A\u00e9rea Brasileira, no bairro de Jardim Jord\u00e3o, na Zona Sul do Recife. Inicialmente, os estados nordestinos ser\u00e3o atendidos com um helic\u00f3ptero Bell 407, que permite o transporte de at\u00e9 sete pessoas embarcadas, e outras aeronaves devem ser incorporadas at\u00e9 o final do ano \u00e0 unidade.<\/span><\/p>\n<p style=\"text-align: justify;\">Pernambuco foi pioneiro nas atividades a\u00e9reas da PRF, em 1998, e est\u00e1 localizado em uma \u00e1rea estrat\u00e9gica do pa\u00eds, que faz divisa com cinco estados, al\u00e9m de possuir uma equipe de pilotos e operadores com uma grande experi\u00eancia na fun\u00e7\u00e3o. Entre os anos de 2007 a 2019, o helic\u00f3ptero foi utilizado principalmente para realizar resgates aerom\u00e9dicos, em parceria com o Servi\u00e7o de Atendimento M\u00f3vel de Urg\u00eancia (SAMU).<\/p>\n<p style=\"text-align: justify;\">Dessa vez, o emprego da aeronave ser\u00e1 direcionado inicialmente para atividades de policiamento aerot\u00e1tico e apoio a miss\u00f5es no Nordeste. Atualmente, o helic\u00f3ptero est\u00e1 sendo utilizado na Opera\u00e7\u00e3o Rodovida, para o monitoramento das rodovias que levam ao Litoral nordestino, em virtude do aumento na movimenta\u00e7\u00e3o de ve\u00edculos nesse per\u00edodo.<\/p>\n<p style=\"text-align: justify;\">A reativa\u00e7\u00e3o da Base de Opera\u00e7\u00f5es A\u00e9reas faz parte do projeto in\u00e9dito da PRF de instala\u00e7\u00e3o de Comandos Regionais de Opera\u00e7\u00f5es Especializadas em cada regi\u00e3o do pa\u00eds. Essa medida busca contemplar todo o territ\u00f3rio nacional com os servi\u00e7os especializados da institui\u00e7\u00e3o.<\/p>\n<p style=\"text-align: justify;\">Na semana passada, entre os dias 26 a 31 de dezembro, a equipe da Base de Opera\u00e7\u00f5es A\u00e9reas prestou apoio a fam\u00edlias atingidas pelas fortes chuvas que ca\u00edram no Sul da Bahia, atrav\u00e9s do resgate de pessoas ilhadas e do transporte de alimentos, medicamentos e roupas. Em cinco dias, os policiais sobrevoaram as cidades de Ilh\u00e9us, Itabuna, Barra do Rocha e outros munic\u00edpios, para acompanhar de perto a situa\u00e7\u00e3o das v\u00edtimas afetadas pelas enchentes na regi\u00e3o.<\/p>\n\n\n<figure class=\"wp-block-image size-large\"><img loading=\"lazy\" decoding=\"async\" width=\"1024\" height=\"768\" src=\"https:\/\/blogdoedvaldomagalhaes.com.br\/wp-content\/uploads\/2022\/01\/IMG-20220107-WA0201-1024x768.jpg\" alt=\"\" class=\"wp-image-79133\" srcset=\"https:\/\/blogdoedvaldomagalhaes.com.br\/wp-content\/uploads\/2022\/01\/IMG-20220107-WA0201-1024x768.jpg 1024w, https:\/\/blogdoedvaldomagalhaes.com.br\/wp-content\/uploads\/2022\/01\/IMG-20220107-WA0201-300x225.jpg 300w, https:\/\/blogdoedvaldomagalhaes.com.br\/wp-content\/uploads\/2022\/01\/IMG-20220107-WA0201-768x576.jpg 768w, https:\/\/blogdoedvaldomagalhaes.com.br\/wp-content\/uploads\/2022\/01\/IMG-20220107-WA0201-160x120.jpg 160w, https:\/\/blogdoedvaldomagalhaes.com.br\/wp-content\/uploads\/2022\/01\/IMG-20220107-WA0201.jpg 1280w\" sizes=\"auto, (max-width: 1024px) 100vw, 1024px\" \/><figcaption>Fotos: PRF\/Divulga\u00e7\u00e3o <\/figcaption><\/figure>\n","protected":false},"excerpt":{"rendered":"<p>A Base de Opera\u00e7\u00f5es A\u00e9reas do Nordeste foi implantada nesta semana pela Pol\u00edcia Rodovi\u00e1ria Federal (PRF), em um hangar cedido&hellip;<\/p>\n","protected":false},"author":1,"featured_media":79132,"comment_status":"open","ping_status":"open","sticky":false,"template":"","format":"standard","meta":{"footnotes":""},"categories":[14121],"tags":[23752,2,19532,3406],"class_list":["post-79131","post","type-post","status-publish","format-standard","has-post-thumbnail","hentry","category-policial","tag-base-de-operacoes-aereas-do-nordeste-e-implantada-pela-prf-em-pernambuco","tag-blog-do-edvaldo-magalhaes","tag-blog-mais-acessado-e-visualizado-de-caruaru-e-regiao","tag-caruaru"],"_links":{"self":[{"href":"https:\/\/blogdoedvaldomagalhaes.com.br\/index.php\/wp-json\/wp\/v2\/posts\/79131","targetHints":{"allow":["GET"]}}],"collection":[{"href":"https:\/\/blogdoedvaldomagalhaes.com.br\/index.php\/wp-json\/wp\/v2\/posts"}],"about":[{"href":"https:\/\/blogdoedvaldomagalhaes.com.br\/index.php\/wp-json\/wp\/v2\/types\/post"}],"author":[{"embeddable":true,"href":"https:\/\/blogdoedvaldomagalhaes.com.br\/index.php\/wp-json\/wp\/v2\/users\/1"}],"replies":[{"embeddable":true,"href":"https:\/\/blogdoedvaldomagalhaes.com.br\/index.php\/wp-json\/wp\/v2\/comments?post=79131"}],"version-history":[{"count":1,"href":"https:\/\/blogdoedvaldomagalhaes.com.br\/index.php\/wp-json\/wp\/v2\/posts\/79131\/revisions"}],"predecessor-version":[{"id":79134,"href":"https:\/\/blogdoedvaldomagalhaes.com.br\/index.php\/wp-json\/wp\/v2\/posts\/79131\/revisions\/79134"}],"wp:featuredmedia":[{"embeddable":true,"href":"https:\/\/blogdoedvaldomagalhaes.com.br\/index.php\/wp-json\/wp\/v2\/media\/79132"}],"wp:attachment":[{"href":"https:\/\/blogdoedvaldomagalhaes.com.br\/index.php\/wp-json\/wp\/v2\/media?parent=79131"}],"wp:term":[{"taxonomy":"category","embeddable":true,"href":"https:\/\/blogdoedvaldomagalhaes.com.br\/index.php\/wp-json\/wp\/v2\/categories?post=79131"},{"taxonomy":"post_tag","embeddable":true,"href":"https:\/\/blogdoedvaldomagalhaes.com.br\/index.php\/wp-json\/wp\/v2\/tags?post=79131"}],"curies":[{"name":"wp","href":"https:\/\/api.w.org\/{rel}","templated":true}]}}