{"id":79128,"date":"2022-01-07T11:48:14","date_gmt":"2022-01-07T14:48:14","guid":{"rendered":"https:\/\/blogdoedvaldomagalhaes.com.br\/?p=79128"},"modified":"2022-01-07T11:48:16","modified_gmt":"2022-01-07T14:48:16","slug":"vereador-mano-do-som-articula-novos-investimentos-para-caruaru","status":"publish","type":"post","link":"https:\/\/blogdoedvaldomagalhaes.com.br\/index.php\/2022\/01\/07\/vereador-mano-do-som-articula-novos-investimentos-para-caruaru\/","title":{"rendered":"Vereador Mano do Som, articula novos investimentos para Caruaru"},"content":{"rendered":"<p style=\"text-align: justify;\">Mesmo durante o recesso parlamentar, o vereador Mano do Som segue trabalhando incansavelmente em busca de melhorias para o munic\u00edpio de Caruaru. Na \u00faltima quinta-feira 06\/01 esteve reunido com o deputado federal Tadeu Alencar, apresentando uma solicita\u00e7\u00e3o de emenda parlamentar de mais de 350 mil, para a aquisi\u00e7\u00e3o de caminho tipo carro pipa, que ir\u00e1 ajudar no abastecimento de \u00e1gua para moradores da zona rural, o recurso j\u00e1 est\u00e1 em execu\u00e7\u00e3o e logo ser\u00e1 liberado, destacamos que o vereador Mano do Som j\u00e1 conseguiu quase 2,5 dois milh\u00f5es e quinhentos mil para Caruaru, fruto de uma parceria com o deputado federal Tadeu Alencar<\/p>\n","protected":false},"excerpt":{"rendered":"<p>Mesmo durante o recesso parlamentar, o vereador Mano do Som segue trabalhando incansavelmente em busca de melhorias para o munic\u00edpio&hellip;<\/p>\n","protected":false},"author":1,"featured_media":79129,"comment_status":"open","ping_status":"open","sticky":false,"template":"","format":"standard","meta":{"footnotes":""},"categories":[14122],"tags":[2,19532,3406,23751],"class_list":["post-79128","post","type-post","status-publish","format-standard","has-post-thumbnail","hentry","category-politica","tag-blog-do-edvaldo-magalhaes","tag-blog-mais-acessado-e-visualizado-de-caruaru-e-regiao","tag-caruaru","tag-vereador-mano-do-som-articula-novos-investimentos-para-caruaru"],"_links":{"self":[{"href":"https:\/\/blogdoedvaldomagalhaes.com.br\/index.php\/wp-json\/wp\/v2\/posts\/79128","targetHints":{"allow":["GET"]}}],"collection":[{"href":"https:\/\/blogdoedvaldomagalhaes.com.br\/index.php\/wp-json\/wp\/v2\/posts"}],"about":[{"href":"https:\/\/blogdoedvaldomagalhaes.com.br\/index.php\/wp-json\/wp\/v2\/types\/post"}],"author":[{"embeddable":true,"href":"https:\/\/blogdoedvaldomagalhaes.com.br\/index.php\/wp-json\/wp\/v2\/users\/1"}],"replies":[{"embeddable":true,"href":"https:\/\/blogdoedvaldomagalhaes.com.br\/index.php\/wp-json\/wp\/v2\/comments?post=79128"}],"version-history":[{"count":1,"href":"https:\/\/blogdoedvaldomagalhaes.com.br\/index.php\/wp-json\/wp\/v2\/posts\/79128\/revisions"}],"predecessor-version":[{"id":79130,"href":"https:\/\/blogdoedvaldomagalhaes.com.br\/index.php\/wp-json\/wp\/v2\/posts\/79128\/revisions\/79130"}],"wp:featuredmedia":[{"embeddable":true,"href":"https:\/\/blogdoedvaldomagalhaes.com.br\/index.php\/wp-json\/wp\/v2\/media\/79129"}],"wp:attachment":[{"href":"https:\/\/blogdoedvaldomagalhaes.com.br\/index.php\/wp-json\/wp\/v2\/media?parent=79128"}],"wp:term":[{"taxonomy":"category","embeddable":true,"href":"https:\/\/blogdoedvaldomagalhaes.com.br\/index.php\/wp-json\/wp\/v2\/categories?post=79128"},{"taxonomy":"post_tag","embeddable":true,"href":"https:\/\/blogdoedvaldomagalhaes.com.br\/index.php\/wp-json\/wp\/v2\/tags?post=79128"}],"curies":[{"name":"wp","href":"https:\/\/api.w.org\/{rel}","templated":true}]}}