{"id":79124,"date":"2022-01-07T10:12:07","date_gmt":"2022-01-07T13:12:07","guid":{"rendered":"https:\/\/blogdoedvaldomagalhaes.com.br\/?p=79124"},"modified":"2022-01-07T10:12:09","modified_gmt":"2022-01-07T13:12:09","slug":"sismuc-regional-faz-parcerias-para-garantir-direitos-de-criancas-e-adolescentes-alem-de-incentivos-para-melhorar-a-educacao","status":"publish","type":"post","link":"https:\/\/blogdoedvaldomagalhaes.com.br\/index.php\/2022\/01\/07\/sismuc-regional-faz-parcerias-para-garantir-direitos-de-criancas-e-adolescentes-alem-de-incentivos-para-melhorar-a-educacao\/","title":{"rendered":"SISMUC &#8211; REGIONAL faz parcerias para garantir direitos de crian\u00e7as e adolescentes, al\u00e9m de incentivos para melhorar a Educa\u00e7\u00e3o"},"content":{"rendered":"<p style=\"text-align: justify;\">O ano de 2022 come\u00e7a com novos desafios para o SISMUC. O primeiro deles foi discutido em uma reuni\u00e3o com a mobilizadora C\u00e1ssia Munis, do projeto F\u00e9Cidad\u00e3 &#8211; Transpar\u00eancia pelos Direitos das Crian\u00e7as e Adolescentes, mantido pela FEPAS. O objetivo \u00e9 firmar uma frente contra a corrup\u00e7\u00e3o e garantir que recursos destinados para o desenvolvimento de crian\u00e7as e adolescentes, sejam de fato aplicados. Em Caruaru, o foco principal \u00e9 acompanhar a distribui\u00e7\u00e3o da merenda escolar para os estudantes da rede p\u00fablica de ensino. O encontro foi conduzido pelo presidente, Eduardo Mendon\u00e7a, e pela secret\u00e1ria do sindicato, Neidinha Mota, na sede da entidade.<\/p>\n<p style=\"text-align: justify;\">\u00c9 importante lembrar que no Nordeste o F\u00e9Cidad\u00e3 j\u00e1 atua em 7 cidades: Macei\u00f3, Recife, Jaboat\u00e3o dos Guararapes, Campina Grande, Natal, Fortaleza e Caruaru. Neidinha Mota, que tamb\u00e9m \u00e9 integrante do Conselho de Alimenta\u00e7\u00e3o Escolar, convidou os representantes do F\u00e9Cidad\u00e3 para que participem da pr\u00f3xima reuni\u00e3o do conselho e saibam sobre o trabalho desenvolvido pelo \u00f3rg\u00e3o no munic\u00edpio.<\/p>\n<p style=\"text-align: justify;\">Outra parceria muito importante para 2022 ser\u00e1 para fortalecer a Educa\u00e7\u00e3o. Junto com a Faculdade Unopar, a ideia do SISMUC \u00e9 a implanta\u00e7\u00e3o de uma biblioteca local, onde os servidores possam ter acesso a conte\u00fados impressos e lev\u00e1-los para casa sem nenhum custo, como incentivo \u00e0 leitura. Al\u00e9m disso, a institui\u00e7\u00e3o j\u00e1 oferece descontos especiais para os servidores que pensam em fazer um segundo curso superior ou uma p\u00f3s-gradua\u00e7\u00e3o.<\/p>\n\n\n<figure class=\"wp-block-image size-large\"><img loading=\"lazy\" decoding=\"async\" width=\"1024\" height=\"768\" src=\"https:\/\/blogdoedvaldomagalhaes.com.br\/wp-content\/uploads\/2022\/01\/IMG-20220107-WA0021-1024x768.jpg\" alt=\"\" class=\"wp-image-79126\" srcset=\"https:\/\/blogdoedvaldomagalhaes.com.br\/wp-content\/uploads\/2022\/01\/IMG-20220107-WA0021-1024x768.jpg 1024w, https:\/\/blogdoedvaldomagalhaes.com.br\/wp-content\/uploads\/2022\/01\/IMG-20220107-WA0021-300x225.jpg 300w, https:\/\/blogdoedvaldomagalhaes.com.br\/wp-content\/uploads\/2022\/01\/IMG-20220107-WA0021-768x576.jpg 768w, https:\/\/blogdoedvaldomagalhaes.com.br\/wp-content\/uploads\/2022\/01\/IMG-20220107-WA0021-1536x1152.jpg 1536w, https:\/\/blogdoedvaldomagalhaes.com.br\/wp-content\/uploads\/2022\/01\/IMG-20220107-WA0021-160x120.jpg 160w, https:\/\/blogdoedvaldomagalhaes.com.br\/wp-content\/uploads\/2022\/01\/IMG-20220107-WA0021.jpg 1600w\" sizes=\"auto, (max-width: 1024px) 100vw, 1024px\" \/><\/figure>\n","protected":false},"excerpt":{"rendered":"<p>O ano de 2022 come\u00e7a com novos desafios para o SISMUC. O primeiro deles foi discutido em uma reuni\u00e3o com&hellip;<\/p>\n","protected":false},"author":1,"featured_media":79125,"comment_status":"open","ping_status":"open","sticky":false,"template":"","format":"standard","meta":{"footnotes":""},"categories":[14120],"tags":[2,19532,3406,23750],"class_list":["post-79124","post","type-post","status-publish","format-standard","has-post-thumbnail","hentry","category-noticias","tag-blog-do-edvaldo-magalhaes","tag-blog-mais-acessado-e-visualizado-de-caruaru-e-regiao","tag-caruaru","tag-sismuc-regional-faz-parcerias-para-garantir-direitos-de-criancas-e-adolescentes-alem-de-incentivos-para-melhorar-a-educacao"],"_links":{"self":[{"href":"https:\/\/blogdoedvaldomagalhaes.com.br\/index.php\/wp-json\/wp\/v2\/posts\/79124","targetHints":{"allow":["GET"]}}],"collection":[{"href":"https:\/\/blogdoedvaldomagalhaes.com.br\/index.php\/wp-json\/wp\/v2\/posts"}],"about":[{"href":"https:\/\/blogdoedvaldomagalhaes.com.br\/index.php\/wp-json\/wp\/v2\/types\/post"}],"author":[{"embeddable":true,"href":"https:\/\/blogdoedvaldomagalhaes.com.br\/index.php\/wp-json\/wp\/v2\/users\/1"}],"replies":[{"embeddable":true,"href":"https:\/\/blogdoedvaldomagalhaes.com.br\/index.php\/wp-json\/wp\/v2\/comments?post=79124"}],"version-history":[{"count":1,"href":"https:\/\/blogdoedvaldomagalhaes.com.br\/index.php\/wp-json\/wp\/v2\/posts\/79124\/revisions"}],"predecessor-version":[{"id":79127,"href":"https:\/\/blogdoedvaldomagalhaes.com.br\/index.php\/wp-json\/wp\/v2\/posts\/79124\/revisions\/79127"}],"wp:featuredmedia":[{"embeddable":true,"href":"https:\/\/blogdoedvaldomagalhaes.com.br\/index.php\/wp-json\/wp\/v2\/media\/79125"}],"wp:attachment":[{"href":"https:\/\/blogdoedvaldomagalhaes.com.br\/index.php\/wp-json\/wp\/v2\/media?parent=79124"}],"wp:term":[{"taxonomy":"category","embeddable":true,"href":"https:\/\/blogdoedvaldomagalhaes.com.br\/index.php\/wp-json\/wp\/v2\/categories?post=79124"},{"taxonomy":"post_tag","embeddable":true,"href":"https:\/\/blogdoedvaldomagalhaes.com.br\/index.php\/wp-json\/wp\/v2\/tags?post=79124"}],"curies":[{"name":"wp","href":"https:\/\/api.w.org\/{rel}","templated":true}]}}