{"id":79120,"date":"2022-01-07T10:01:47","date_gmt":"2022-01-07T13:01:47","guid":{"rendered":"https:\/\/blogdoedvaldomagalhaes.com.br\/?p=79120"},"modified":"2022-01-07T10:01:48","modified_gmt":"2022-01-07T13:01:48","slug":"pm-prende-jovem-de-por-trafico-dentro-de-residencial-em-caruaru","status":"publish","type":"post","link":"https:\/\/blogdoedvaldomagalhaes.com.br\/index.php\/2022\/01\/07\/pm-prende-jovem-de-por-trafico-dentro-de-residencial-em-caruaru\/","title":{"rendered":"PM prende jovem de por tr\u00e1fico dentro de Residencial, em Caruaru"},"content":{"rendered":"<p style=\"text-align: justify;\"><span style=\"font-size: inherit;\">Com base em inform\u00e7\u00f5es colhidas com colaboradores, policiais militares do 1\u00ba BIEsp prenderam um homem de 22 anos por tr\u00e1fico de drogas, em Caruaru. A den\u00fancia indicava com\u00e9rcio de entorpecentes dentro do Residencial Alto do Moura e, ao fazer a checagem, o efetivo localizou o suspeito em plena atividade.<\/span><\/p>\n<p style=\"text-align: justify;\">Com ele, foram apreendidos 228 pedras de crack e uma outra maior, bruta, com 50g da mesma droga, uma por\u00e7\u00e3o de coca\u00edna, uma por\u00e7\u00e3o de maconha, um celular com restri\u00e7\u00e3o de roubo e a quantia de R$ 30,00 em esp\u00e9cie.<\/p>\n<p style=\"text-align: justify;\">Diante dos fatos, o envolvido e todo o material apreendido foram apresentados na Delegacia de Plant\u00e3o, onde foi formalizado o flagrante.<\/p>\n","protected":false},"excerpt":{"rendered":"<p>Com base em inform\u00e7\u00f5es colhidas com colaboradores, policiais militares do 1\u00ba BIEsp prenderam um homem de 22 anos por tr\u00e1fico&hellip;<\/p>\n","protected":false},"author":1,"featured_media":79121,"comment_status":"open","ping_status":"open","sticky":false,"template":"","format":"standard","meta":{"footnotes":""},"categories":[14121],"tags":[2,19532,3406,23749],"class_list":["post-79120","post","type-post","status-publish","format-standard","has-post-thumbnail","hentry","category-policial","tag-blog-do-edvaldo-magalhaes","tag-blog-mais-acessado-e-visualizado-de-caruaru-e-regiao","tag-caruaru","tag-pm-prende-jovem-de-por-trafico-dentro-de-residencial-em-caruaru"],"_links":{"self":[{"href":"https:\/\/blogdoedvaldomagalhaes.com.br\/index.php\/wp-json\/wp\/v2\/posts\/79120","targetHints":{"allow":["GET"]}}],"collection":[{"href":"https:\/\/blogdoedvaldomagalhaes.com.br\/index.php\/wp-json\/wp\/v2\/posts"}],"about":[{"href":"https:\/\/blogdoedvaldomagalhaes.com.br\/index.php\/wp-json\/wp\/v2\/types\/post"}],"author":[{"embeddable":true,"href":"https:\/\/blogdoedvaldomagalhaes.com.br\/index.php\/wp-json\/wp\/v2\/users\/1"}],"replies":[{"embeddable":true,"href":"https:\/\/blogdoedvaldomagalhaes.com.br\/index.php\/wp-json\/wp\/v2\/comments?post=79120"}],"version-history":[{"count":1,"href":"https:\/\/blogdoedvaldomagalhaes.com.br\/index.php\/wp-json\/wp\/v2\/posts\/79120\/revisions"}],"predecessor-version":[{"id":79122,"href":"https:\/\/blogdoedvaldomagalhaes.com.br\/index.php\/wp-json\/wp\/v2\/posts\/79120\/revisions\/79122"}],"wp:featuredmedia":[{"embeddable":true,"href":"https:\/\/blogdoedvaldomagalhaes.com.br\/index.php\/wp-json\/wp\/v2\/media\/79121"}],"wp:attachment":[{"href":"https:\/\/blogdoedvaldomagalhaes.com.br\/index.php\/wp-json\/wp\/v2\/media?parent=79120"}],"wp:term":[{"taxonomy":"category","embeddable":true,"href":"https:\/\/blogdoedvaldomagalhaes.com.br\/index.php\/wp-json\/wp\/v2\/categories?post=79120"},{"taxonomy":"post_tag","embeddable":true,"href":"https:\/\/blogdoedvaldomagalhaes.com.br\/index.php\/wp-json\/wp\/v2\/tags?post=79120"}],"curies":[{"name":"wp","href":"https:\/\/api.w.org\/{rel}","templated":true}]}}