{"id":7912,"date":"2016-10-23T01:57:00","date_gmt":"2016-10-23T03:57:00","guid":{"rendered":"http:\/\/blogdoedvaldomagalhaes.com.br\/index.php\/2016\/10\/23\/justica-eleitoral-nao-permite-show-da\/"},"modified":"2019-02-09T01:03:43","modified_gmt":"2019-02-09T03:03:43","slug":"justica-eleitoral-nao-permite-show-da","status":"publish","type":"post","link":"https:\/\/blogdoedvaldomagalhaes.com.br\/index.php\/2016\/10\/23\/justica-eleitoral-nao-permite-show-da\/","title":{"rendered":"Justi\u00e7a n\u00e3o permite show da vit\u00f3ria do Vereador eleito Tafarel a pedido da coliga\u00e7\u00e3o Juntos por Caruaru"},"content":{"rendered":"<div class=\"separator\" style=\"clear: both; text-align: center;\">\n<a href=\"https:\/\/3.bp.blogspot.com\/-72lPj21D_qg\/WAwVy_roYFI\/AAAAAAAAImM\/n4mkS_TtxHghNJgCjbuKl1Yuw4WSIOQMQCLcB\/s1600\/tarafal3.jpg\" imageanchor=\"1\" style=\"margin-left: 1em; margin-right: 1em;\"><img loading=\"lazy\" decoding=\"async\" border=\"0\" height=\"400\" src=\"http:\/\/blogdoedvaldomagalhaes.com.br\/wp-content\/uploads\/2016\/10\/tarafal3.jpg\" width=\"281\" \/><\/a><\/div>\n<p><\/p>\n<div class=\"separator\" style=\"clear: both; text-align: center;\">\n<a href=\"https:\/\/2.bp.blogspot.com\/-aBWa7-DPECM\/WAwV1tuBRZI\/AAAAAAAAImQ\/Ry1wcHnjpQ4XYYtHQzQ13d8UBH7F01m-QCLcB\/s1600\/tafarel.jpg\" imageanchor=\"1\" style=\"margin-left: 1em; margin-right: 1em;\"><img loading=\"lazy\" decoding=\"async\" border=\"0\" height=\"400\" src=\"http:\/\/blogdoedvaldomagalhaes.com.br\/wp-content\/uploads\/2016\/10\/tafarel-1.jpg\" width=\"270\" \/><\/a><\/div>\n<p><\/p>\n<div class=\"separator\" style=\"clear: both; text-align: center;\">\n<a href=\"https:\/\/2.bp.blogspot.com\/-HbrZpHWoUyA\/WAwV2wJ9w3I\/AAAAAAAAImU\/RuY2HEYjIXQ_s7aLi0wTn_VNL9ZB5SYjgCLcB\/s1600\/tafarel%2B1.jpg\" imageanchor=\"1\" style=\"margin-left: 1em; margin-right: 1em;\"><img loading=\"lazy\" decoding=\"async\" border=\"0\" height=\"400\" src=\"http:\/\/blogdoedvaldomagalhaes.com.br\/wp-content\/uploads\/2016\/10\/tafarel1.jpg\" width=\"300\" \/><\/a><\/div>\n<div class=\"separator\" style=\"clear: both; text-align: center;\">\n<\/div>\n<div style=\"background-color: white; box-sizing: border-box; color: #222222; font-family: Verdana, Geneva, sans-serif; font-size: 15px; line-height: 26px; margin-bottom: 26px;\">\n<div style=\"text-align: justify;\">\nO juiz da 41\u00aa Zona Eleitoral, Bras\u00edlio Guerra acolheu um pedido liminar emitido pela coliga\u00e7\u00e3o \u201cJUNTOS POR CARUARU\u201d, da candidata Raquel Lyra (PSDB), alegando que o show da vit\u00f3ria preparado pelo vereador eleito Tafarel agendado para este s\u00e1bado (23), caracterizaria \u201cShowm\u00edcio\u201d. Se a determina\u00e7\u00e3o judicial n\u00e3o fosse atendida, o vereador eleito pagaria uma multa no valor de R$ 500.000,00 (Quinhentos mil reais), sem preju\u00edzo de outras medidas, como tamb\u00e9m seria preso por Crime de Desobedi\u00eancia, como consta da Decis\u00e3o da representa\u00e7\u00e3o Eleitoral N\u00b0 131-10.2016, atrav\u00e9s da NOTIFICA\u00c7\u00c3O N\u00b0529\/2016.&nbsp;<\/div>\n<\/div>\n<div style=\"background-color: white; box-sizing: border-box; color: #222222; font-family: Verdana, Geneva, sans-serif; font-size: 15px; line-height: 26px; margin-bottom: 26px;\">\n<div style=\"text-align: justify;\">\nO vereador eleito Tafarel adiou o evento. Ele agradeceu ao povo, e pediu a compreens\u00e3o de todos, segundo Tafarel, posteriormente ser\u00e1 informada a nova data para a realiza\u00e7\u00e3o do evento.<\/div>\n<\/div>\n","protected":false},"excerpt":{"rendered":"<p>O juiz da 41\u00aa Zona Eleitoral, Bras\u00edlio Guerra acolheu um pedido liminar emitido pela coliga\u00e7\u00e3o \u201cJUNTOS POR CARUARU\u201d, da candidata&hellip;<\/p>\n","protected":false},"author":1,"featured_media":0,"comment_status":"open","ping_status":"open","sticky":false,"template":"","format":"standard","meta":{"footnotes":""},"categories":[1],"tags":[5455,2,11431,11589],"class_list":["post-7912","post","type-post","status-publish","format-standard","hentry","category-sem-categoria","tag-bairro-sao-joao-joao-da-escocia","tag-blog-do-edvaldo-magalhaes","tag-eleicoes-2016","tag-justica-eleitoral-nao-permite-show-da-vitoria-do-vereador-tafarel-a-pedido-da-coligacao-juntos-por-caruaru"],"_links":{"self":[{"href":"https:\/\/blogdoedvaldomagalhaes.com.br\/index.php\/wp-json\/wp\/v2\/posts\/7912","targetHints":{"allow":["GET"]}}],"collection":[{"href":"https:\/\/blogdoedvaldomagalhaes.com.br\/index.php\/wp-json\/wp\/v2\/posts"}],"about":[{"href":"https:\/\/blogdoedvaldomagalhaes.com.br\/index.php\/wp-json\/wp\/v2\/types\/post"}],"author":[{"embeddable":true,"href":"https:\/\/blogdoedvaldomagalhaes.com.br\/index.php\/wp-json\/wp\/v2\/users\/1"}],"replies":[{"embeddable":true,"href":"https:\/\/blogdoedvaldomagalhaes.com.br\/index.php\/wp-json\/wp\/v2\/comments?post=7912"}],"version-history":[{"count":1,"href":"https:\/\/blogdoedvaldomagalhaes.com.br\/index.php\/wp-json\/wp\/v2\/posts\/7912\/revisions"}],"predecessor-version":[{"id":13477,"href":"https:\/\/blogdoedvaldomagalhaes.com.br\/index.php\/wp-json\/wp\/v2\/posts\/7912\/revisions\/13477"}],"wp:attachment":[{"href":"https:\/\/blogdoedvaldomagalhaes.com.br\/index.php\/wp-json\/wp\/v2\/media?parent=7912"}],"wp:term":[{"taxonomy":"category","embeddable":true,"href":"https:\/\/blogdoedvaldomagalhaes.com.br\/index.php\/wp-json\/wp\/v2\/categories?post=7912"},{"taxonomy":"post_tag","embeddable":true,"href":"https:\/\/blogdoedvaldomagalhaes.com.br\/index.php\/wp-json\/wp\/v2\/tags?post=7912"}],"curies":[{"name":"wp","href":"https:\/\/api.w.org\/{rel}","templated":true}]}}