{"id":79112,"date":"2022-01-06T21:59:20","date_gmt":"2022-01-07T00:59:20","guid":{"rendered":"https:\/\/blogdoedvaldomagalhaes.com.br\/?p=79112"},"modified":"2022-01-06T22:07:10","modified_gmt":"2022-01-07T01:07:10","slug":"mae-e-bebe-morrem-no-hospital-apos-disparos-de-arma-de-fogo-em-caruaru","status":"publish","type":"post","link":"https:\/\/blogdoedvaldomagalhaes.com.br\/index.php\/2022\/01\/06\/mae-e-bebe-morrem-no-hospital-apos-disparos-de-arma-de-fogo-em-caruaru\/","title":{"rendered":"M\u00e3e e beb\u00ea morrem no hospital ap\u00f3s disparos de arma de fogo, em Caruaru"},"content":{"rendered":"<p style=\"text-align: justify;\">Morreram no Hospital Regional do Agreste (HRA), Cristina Vieira da Silva, de 35 anos de idade, e o beb\u00ea de sete meses que carregava no ventre. Cristina havia sido atingida por um disparo de arma de fogo transfixisante no pesco\u00e7o, quando estava na pr\u00f3pria resid\u00eancia na rua Amilson Afonso, no bairro Salgado, em Caruaru, na noite desta quinta-feira (06).<\/p>\n<p style=\"text-align: justify;\">O marido dela de nome Deivison Cruz da Silva, foi atingido por um disparo de arma de fogo de rasp\u00e3o nas costas e se encontra no HRA.<\/p>\n","protected":false},"excerpt":{"rendered":"<p>Morreram no Hospital Regional do Agreste (HRA), Cristina Vieira da Silva, de 35 anos de idade, e o beb\u00ea de&hellip;<\/p>\n","protected":false},"author":1,"featured_media":79113,"comment_status":"open","ping_status":"open","sticky":false,"template":"","format":"standard","meta":{"footnotes":""},"categories":[14121],"tags":[992,19532,3406,23747],"class_list":["post-79112","post","type-post","status-publish","format-standard","has-post-thumbnail","hentry","category-policial","tag-blog-do-edvaldo-do-magalhaes","tag-blog-mais-acessado-e-visualizado-de-caruaru-e-regiao","tag-caruaru","tag-mae-e-bebe-morrem-no-hospital-apos-disparos-de-arma-de-fogo-em-caruaru"],"_links":{"self":[{"href":"https:\/\/blogdoedvaldomagalhaes.com.br\/index.php\/wp-json\/wp\/v2\/posts\/79112","targetHints":{"allow":["GET"]}}],"collection":[{"href":"https:\/\/blogdoedvaldomagalhaes.com.br\/index.php\/wp-json\/wp\/v2\/posts"}],"about":[{"href":"https:\/\/blogdoedvaldomagalhaes.com.br\/index.php\/wp-json\/wp\/v2\/types\/post"}],"author":[{"embeddable":true,"href":"https:\/\/blogdoedvaldomagalhaes.com.br\/index.php\/wp-json\/wp\/v2\/users\/1"}],"replies":[{"embeddable":true,"href":"https:\/\/blogdoedvaldomagalhaes.com.br\/index.php\/wp-json\/wp\/v2\/comments?post=79112"}],"version-history":[{"count":2,"href":"https:\/\/blogdoedvaldomagalhaes.com.br\/index.php\/wp-json\/wp\/v2\/posts\/79112\/revisions"}],"predecessor-version":[{"id":79116,"href":"https:\/\/blogdoedvaldomagalhaes.com.br\/index.php\/wp-json\/wp\/v2\/posts\/79112\/revisions\/79116"}],"wp:featuredmedia":[{"embeddable":true,"href":"https:\/\/blogdoedvaldomagalhaes.com.br\/index.php\/wp-json\/wp\/v2\/media\/79113"}],"wp:attachment":[{"href":"https:\/\/blogdoedvaldomagalhaes.com.br\/index.php\/wp-json\/wp\/v2\/media?parent=79112"}],"wp:term":[{"taxonomy":"category","embeddable":true,"href":"https:\/\/blogdoedvaldomagalhaes.com.br\/index.php\/wp-json\/wp\/v2\/categories?post=79112"},{"taxonomy":"post_tag","embeddable":true,"href":"https:\/\/blogdoedvaldomagalhaes.com.br\/index.php\/wp-json\/wp\/v2\/tags?post=79112"}],"curies":[{"name":"wp","href":"https:\/\/api.w.org\/{rel}","templated":true}]}}