{"id":79103,"date":"2022-01-06T19:29:29","date_gmt":"2022-01-06T22:29:29","guid":{"rendered":"https:\/\/blogdoedvaldomagalhaes.com.br\/?p=79103"},"modified":"2022-01-06T19:29:30","modified_gmt":"2022-01-06T22:29:30","slug":"medica-e-encontrada-morta-em-suite-de-hotel-em-pernambuco","status":"publish","type":"post","link":"https:\/\/blogdoedvaldomagalhaes.com.br\/index.php\/2022\/01\/06\/medica-e-encontrada-morta-em-suite-de-hotel-em-pernambuco\/","title":{"rendered":"M\u00e9dica \u00e9 encontrada morta em su\u00edte de hotel em Pernambuco"},"content":{"rendered":"<p style=\"text-align: justify;\"><span style=\"font-size: inherit;\">A m\u00e9dica dermatologista Fabr\u00edcia Marques, foi encontrada morta em uma das su\u00edtes do Nobile Hotel na orla de Petrolina, no Sert\u00e3o de Pernambuco, nesta quarta-feira (05).<\/span><\/p>\n<p style=\"text-align: justify;\">Segundo informa\u00e7\u00f5es, extraoficiais ela teria cometido suic\u00eddio. A jovem \u00e9 filha de um grande comerciante de Petrolina.<\/p>\n<p style=\"text-align: justify;\">A pol\u00edcia iniciou as investiga\u00e7\u00f5es para apurar a causa da morte. O corpo dela foi encaminhado ao IML de Petrolina.<\/p>\n","protected":false},"excerpt":{"rendered":"<p>A m\u00e9dica dermatologista Fabr\u00edcia Marques, foi encontrada morta em uma das su\u00edtes do Nobile Hotel na orla de Petrolina, no&hellip;<\/p>\n","protected":false},"author":1,"featured_media":79104,"comment_status":"open","ping_status":"open","sticky":false,"template":"","format":"standard","meta":{"footnotes":""},"categories":[14121],"tags":[2,19532,3406,23745],"class_list":["post-79103","post","type-post","status-publish","format-standard","has-post-thumbnail","hentry","category-policial","tag-blog-do-edvaldo-magalhaes","tag-blog-mais-acessado-e-visualizado-de-caruaru-e-regiao","tag-caruaru","tag-medica-e-encontrada-morta-em-suite-de-hotel-em-pernambuco"],"_links":{"self":[{"href":"https:\/\/blogdoedvaldomagalhaes.com.br\/index.php\/wp-json\/wp\/v2\/posts\/79103","targetHints":{"allow":["GET"]}}],"collection":[{"href":"https:\/\/blogdoedvaldomagalhaes.com.br\/index.php\/wp-json\/wp\/v2\/posts"}],"about":[{"href":"https:\/\/blogdoedvaldomagalhaes.com.br\/index.php\/wp-json\/wp\/v2\/types\/post"}],"author":[{"embeddable":true,"href":"https:\/\/blogdoedvaldomagalhaes.com.br\/index.php\/wp-json\/wp\/v2\/users\/1"}],"replies":[{"embeddable":true,"href":"https:\/\/blogdoedvaldomagalhaes.com.br\/index.php\/wp-json\/wp\/v2\/comments?post=79103"}],"version-history":[{"count":1,"href":"https:\/\/blogdoedvaldomagalhaes.com.br\/index.php\/wp-json\/wp\/v2\/posts\/79103\/revisions"}],"predecessor-version":[{"id":79105,"href":"https:\/\/blogdoedvaldomagalhaes.com.br\/index.php\/wp-json\/wp\/v2\/posts\/79103\/revisions\/79105"}],"wp:featuredmedia":[{"embeddable":true,"href":"https:\/\/blogdoedvaldomagalhaes.com.br\/index.php\/wp-json\/wp\/v2\/media\/79104"}],"wp:attachment":[{"href":"https:\/\/blogdoedvaldomagalhaes.com.br\/index.php\/wp-json\/wp\/v2\/media?parent=79103"}],"wp:term":[{"taxonomy":"category","embeddable":true,"href":"https:\/\/blogdoedvaldomagalhaes.com.br\/index.php\/wp-json\/wp\/v2\/categories?post=79103"},{"taxonomy":"post_tag","embeddable":true,"href":"https:\/\/blogdoedvaldomagalhaes.com.br\/index.php\/wp-json\/wp\/v2\/tags?post=79103"}],"curies":[{"name":"wp","href":"https:\/\/api.w.org\/{rel}","templated":true}]}}