{"id":791,"date":"2018-11-06T22:08:00","date_gmt":"2018-11-07T00:08:00","guid":{"rendered":"http:\/\/blogdoedvaldomagalhaes.com.br\/index.php\/2018\/11\/06\/policia-prende-caruaruenses-acusados-de\/"},"modified":"2019-02-09T02:38:24","modified_gmt":"2019-02-09T04:38:24","slug":"policia-prende-caruaruenses-acusados-de","status":"publish","type":"post","link":"https:\/\/blogdoedvaldomagalhaes.com.br\/index.php\/2018\/11\/06\/policia-prende-caruaruenses-acusados-de\/","title":{"rendered":"Pol\u00edcia prende caruaruenses acusados de praticar assalto em Belo Jardim"},"content":{"rendered":"<div class=\"separator\" style=\"clear: both; text-align: center;\">\n<a href=\"https:\/\/2.bp.blogspot.com\/-NgnuLzZDTkg\/W-IQxetHu-I\/AAAAAAAA9Ak\/HODTDsImCSUxkOdlqiBjT9zdpXKX1COMACLcBGAs\/s1600\/pm.jpg\" imageanchor=\"1\" style=\"margin-left: 1em; margin-right: 1em;\"><img loading=\"lazy\" decoding=\"async\" border=\"0\" data-original-height=\"360\" data-original-width=\"480\" height=\"480\" src=\"http:\/\/blogdoedvaldomagalhaes.com.br\/wp-content\/uploads\/2018\/11\/pm.jpg\" width=\"640\" \/><\/a><\/div>\n<div style=\"text-align: justify;\">\n<\/div>\n<div style=\"text-align: justify;\">\nNesta ter\u00e7a-feira (04), a Pol\u00edcia Militar tomou conhecimento de que havia ocorrido um assalto ao restaurante Rei do Mocot\u00f3, no bairro S\u00e3o Pedro, em Belo Jardim, praticado por dois indiv\u00edduos que estavam de posse de uma espingarda calibre 12 e que subtra\u00edram celulares do propriet\u00e1rio do estabelecimento, funcion\u00e1rios e cliente, al\u00e9m de valores contidos no caixa.<\/p>\n<p><\/p>\n<div class=\"separator\" style=\"clear: both; text-align: center;\">\n<a href=\"https:\/\/3.bp.blogspot.com\/-I7yi-QHPJk0\/W-IRhMt5pCI\/AAAAAAAA9As\/6NdxkjxiYYordue6vYzBvdJitBkuDO0-gCLcBGAs\/s1600\/tres.jpg\" imageanchor=\"1\" style=\"margin-left: 1em; margin-right: 1em;\"><img loading=\"lazy\" decoding=\"async\" border=\"0\" data-original-height=\"720\" data-original-width=\"960\" height=\"480\" src=\"http:\/\/blogdoedvaldomagalhaes.com.br\/wp-content\/uploads\/2018\/11\/tres.jpg\" width=\"640\" \/><\/a><\/div>\n<div class=\"separator\" style=\"clear: both; text-align: center;\">\nFoto: PMPE\/Divulga\u00e7\u00e3o<\/div>\n<p><\/div>\n<div style=\"text-align: justify;\">\nA partir das imagens das c\u00e2meras do estabelecimento, foi poss\u00edvel identificar a placa da motocicleta utilizada no fato delituoso. Desta forma, policiais militares iniciaram dilig\u00eancias at\u00e9 a casa da propriet\u00e1ria, onde avistaram a motocicleta em seu interior. Nesse instante, um indiv\u00edduo correu para dentro de um dos quartos, agindo de forma suspeita, momento em que a PM realizou a abordagem a tr\u00eas indiv\u00edduos que estavam no interior da casa, fazendo a busca no local, onde encontraram a arma utilizada no crime, bem como sete aparelhos celulares, a quantia em dinheiro de R$1.265,00. Foi encontrada no local uma camisa de cor amarela de marca Marands, flagrada na filmagem com um dos indiv\u00edduos, bem como os capacetes usados, sendo um de cor vermelha e o outro rosa. Desta forma, foi constatado que os tr\u00eas indiv\u00edduos que estavam no local agiram juntos na a\u00e7\u00e3o, sendo conduzidos \u00e0 delegacia local para serem tomadas as medidas cab\u00edveis.<\/div>\n<div style=\"text-align: justify;\">\n<\/div>\n<div style=\"text-align: justify;\">\nOs acusados s\u00e3o:&nbsp;<\/p>\n<\/div>\n<div style=\"text-align: justify;\">\n01. WAGNER OLIVEIRA CAVALCANTE, 23 anos, Rua do Jardim, 21, Cohab II, Belo Jardim\/PE.<\/div>\n<div style=\"text-align: justify;\">\n<\/div>\n<div style=\"text-align: justify;\">\n02. BRUNO CARLOS DA SILVA CUNHA, 19 anos, Rua Saldanha da Gama, 141, Centro, Caruaru\/PE.<\/div>\n<div style=\"text-align: justify;\">\n<\/div>\n<div style=\"text-align: justify;\">\n03. LEANDRO IGOR CLARINDO, 22 anos, Rua 02 de Novembro, 195, Rendeiras, Caruaru\/PE.<\/div>\n<div style=\"text-align: justify;\">\n<\/div>\n<div style=\"text-align: justify;\">\nMATERIAL ROUBADO RECUPERADO<\/div>\n<div style=\"text-align: justify;\">\n01 Celular Microsoft Rm-1109<\/div>\n<div style=\"text-align: justify;\">\n01 Celular Samsung S7<\/div>\n<div style=\"text-align: justify;\">\n01 Celular Samsung J7<\/div>\n<div style=\"text-align: justify;\">\n02 Celulares Samsung J7 Prime<\/div>\n<div style=\"text-align: justify;\">\n01 Celular Samsung J2 Prime<\/div>\n<div style=\"text-align: justify;\">\n01 Celular BLO<\/div>\n<div style=\"text-align: justify;\">\nR$ 1.265,00 reais em esp\u00e9cie<\/div>\n<div style=\"text-align: justify;\">\n<\/div>\n<div style=\"text-align: justify;\">\nMATERIAL APRENDIDO<\/div>\n<div style=\"text-align: justify;\">\n01 Espingarda cal. 12 (artesanal)<\/div>\n<div style=\"text-align: justify;\">\n01 moto MAOJIAN AVELLOZ AZ1 PRETA de placa PGY-6602<\/div>\n<div style=\"text-align: justify;\">\n01 capacete de marca CBF<\/div>\n<div style=\"text-align: justify;\">\n01 capacete de marca Protork<\/div>\n<div style=\"text-align: justify;\">\n02 pares de Luvas de Borracha<\/div>\n<div style=\"text-align: justify;\">\n01 camisa de marca<\/div>\n<div style=\"text-align: justify;\">\n<\/div>\n<div style=\"text-align: justify;\">\nRESULTADO<\/div>\n<div style=\"text-align: justify;\">\nFlagrante para os tr\u00eas indiv\u00edduos.<\/div>\n<div style=\"text-align: justify;\">\n<\/div>\n<div style=\"text-align: justify;\">\nEFETIVO<\/div>\n<div style=\"text-align: justify;\">\nROCAM 15100<\/div>\n<div style=\"text-align: justify;\">\nST Gilson<\/div>\n<div style=\"text-align: justify;\">\nSD Nides<\/div>\n<div style=\"text-align: justify;\">\nSD Euclides<\/div>\n<div style=\"text-align: justify;\">\n<\/div>\n<div style=\"text-align: justify;\">\nGATI<\/div>\n<div style=\"text-align: justify;\">\nSGT Acioly<\/div>\n<div style=\"text-align: justify;\">\nSD Coutinho<\/div>\n<div style=\"text-align: justify;\">\nSD Romero<\/p>\n<\/div>\n","protected":false},"excerpt":{"rendered":"<p>Nesta ter\u00e7a-feira (04), a Pol\u00edcia Militar tomou conhecimento de que havia ocorrido um assalto ao restaurante Rei do Mocot\u00f3, no&hellip;<\/p>\n","protected":false},"author":1,"featured_media":0,"comment_status":"open","ping_status":"open","sticky":false,"template":"","format":"standard","meta":{"footnotes":""},"categories":[1],"tags":[2,734,13],"class_list":["post-791","post","type-post","status-publish","format-standard","hentry","category-sem-categoria","tag-blog-do-edvaldo-magalhaes","tag-policia-prende-caruaruenses-acusados-de-praticar-assalto-em-belo-jardim","tag-policial"],"_links":{"self":[{"href":"https:\/\/blogdoedvaldomagalhaes.com.br\/index.php\/wp-json\/wp\/v2\/posts\/791","targetHints":{"allow":["GET"]}}],"collection":[{"href":"https:\/\/blogdoedvaldomagalhaes.com.br\/index.php\/wp-json\/wp\/v2\/posts"}],"about":[{"href":"https:\/\/blogdoedvaldomagalhaes.com.br\/index.php\/wp-json\/wp\/v2\/types\/post"}],"author":[{"embeddable":true,"href":"https:\/\/blogdoedvaldomagalhaes.com.br\/index.php\/wp-json\/wp\/v2\/users\/1"}],"replies":[{"embeddable":true,"href":"https:\/\/blogdoedvaldomagalhaes.com.br\/index.php\/wp-json\/wp\/v2\/comments?post=791"}],"version-history":[{"count":1,"href":"https:\/\/blogdoedvaldomagalhaes.com.br\/index.php\/wp-json\/wp\/v2\/posts\/791\/revisions"}],"predecessor-version":[{"id":35569,"href":"https:\/\/blogdoedvaldomagalhaes.com.br\/index.php\/wp-json\/wp\/v2\/posts\/791\/revisions\/35569"}],"wp:attachment":[{"href":"https:\/\/blogdoedvaldomagalhaes.com.br\/index.php\/wp-json\/wp\/v2\/media?parent=791"}],"wp:term":[{"taxonomy":"category","embeddable":true,"href":"https:\/\/blogdoedvaldomagalhaes.com.br\/index.php\/wp-json\/wp\/v2\/categories?post=791"},{"taxonomy":"post_tag","embeddable":true,"href":"https:\/\/blogdoedvaldomagalhaes.com.br\/index.php\/wp-json\/wp\/v2\/tags?post=791"}],"curies":[{"name":"wp","href":"https:\/\/api.w.org\/{rel}","templated":true}]}}