{"id":79094,"date":"2022-01-06T15:12:31","date_gmt":"2022-01-06T18:12:31","guid":{"rendered":"https:\/\/blogdoedvaldomagalhaes.com.br\/?p=79094"},"modified":"2022-01-06T15:12:32","modified_gmt":"2022-01-06T18:12:32","slug":"procon-pe-orienta-sobre-direitos-do-consumidor-referentes-a-matricula-e-a-compra-de-material-escolar","status":"publish","type":"post","link":"https:\/\/blogdoedvaldomagalhaes.com.br\/index.php\/2022\/01\/06\/procon-pe-orienta-sobre-direitos-do-consumidor-referentes-a-matricula-e-a-compra-de-material-escolar\/","title":{"rendered":"Procon-PE orienta sobre direitos do consumidor referentes \u00e0 matr\u00edcula e \u00e0 compra de material escolar"},"content":{"rendered":"<p style=\"text-align: justify;\">In\u00edcio de ano, muitos pais e respons\u00e1veis com alunos em escolas particulares, correm para reservar ou renovar as matr\u00edculas e providenciar os materiais dos estudantes. Visando resguardar os direitos dos consumidores, o Procon Pernambuco esclarece, atrav\u00e9s de nota t\u00e9cnica (em anexo), sobre as normas contratuais a fim de que seus direitos sejam respeitados.<\/p>\n<p style=\"text-align: justify;\">As principais reclama\u00e7\u00f5es s\u00e3o relacionadas \u00e0 cobran\u00e7a de taxas, reten\u00e7\u00e3o de documentos em caso de inadimpl\u00eancia, devolu\u00e7\u00e3o de valores pagos ap\u00f3s cancelamento e taxas substitutivas de eventos. Na nota produzida pelo \u00f3rg\u00e3o constam os produtos que n\u00e3o devem ser pedidos pelas institui\u00e7\u00f5es de ensino, por serem de uso coletivo, e os que podem ser solicitados, desde que respeitem o quantitativo indicado.<\/p>\n<p style=\"text-align: justify;\">Vale ressaltar que as unidades educacionais n\u00e3o podem determinar as marcas dos produtos nas referidas listas de materiais escolares. Assim como j\u00e1 anunciado nos anos anteriores, materiais de uso coletivo, de escrit\u00f3rio e de higiene n\u00e3o devem constar na lista de material do aluno. J\u00e1 materiais como shampoo e sabonete podem ser solicitados aos alunos matriculados na modalidade de tempo integral.<\/p>\n<p style=\"text-align: justify;\">Devido ao per\u00edodo de pandemia, enquanto durar o decreto obrigat\u00f3rio, o uso de m\u00e1scaras e de \u00e1lcool l\u00edquido ou em gel \u00e9 caracterizado como pessoal, no entanto as escolas podem disponibilizar os materiais.<\/p>\n<p style=\"text-align: justify;\">\u201cCaso as institui\u00e7\u00f5es de educa\u00e7\u00e3o n\u00e3o obede\u00e7am ao que consta na Nota T\u00e9cnica do Procon Estadual, refor\u00e7amos que \u00e9 de extrema import\u00e2ncia que os consumidores lesados realizem a den\u00fancia para que o \u00f3rg\u00e3o tome todas as medidas cab\u00edveis para coibir as irregularidades\u201d, afirma o secret\u00e1rio interino de Justi\u00e7a e Direitos Humanos, Eduardo Figueiredo.<\/p>\n<p style=\"text-align: justify;\">Seguem alguns t\u00f3picos:<\/p>\n<p>Taxa de reserva de matr\u00edcula \u2013 a taxa de reserva de vaga em estabelecimento particular de ensino poder\u00e1 ser cobrada, entretanto o pagamento do valor para estudante j\u00e1 matriculado e adimplente \u00e9 opcional, n\u00e3o sendo esse pagamento condi\u00e7\u00e3o para garantia de vaga do pr\u00f3ximo ano letivo. Para o aluno novato, a taxa dever\u00e1 ser descontada da matr\u00edcula ou da primeira mensalidade do per\u00edodo que se inicia, conforme disposi\u00e7\u00e3o expressa no art. 5\u00ba da Lei 9.870\/99.<\/p>\n<p>Reten\u00e7\u00e3o de Hist\u00f3rico Escolar \u2013 nenhuma institui\u00e7\u00e3o pode reter o hist\u00f3rico escolar do estudante inadimplente com o objetivo de submet\u00ea-lo a constrangimento, condicionando a entrega do documento ao pagamento das mensalidades em atraso. Por\u00e9m, a escola tem o direito de n\u00e3o renovar a matr\u00edcula do estudante, em caso de inadimpl\u00eancia.<\/p>\n<p>Venda Casada &#8211; Os pais tamb\u00e9m n\u00e3o s\u00e3o obrigados a comprar livros e\/ou material escolar em uma loja determinada pela escola. Caso a institui\u00e7\u00e3o tenha livros pr\u00f3prios ou importados, essa informa\u00e7\u00e3o deve ser previamente repassada ao consumidor. Algumas delas induzem o consumidor a comprar o material escolar em apenas um local, pr\u00e1tica considerada abusiva.<\/p>\n<p>O documento completo pode ser encontrado no site do Procon-PE: www.procon.pe.gov.br, na aba Nota T\u00e9cnica. Para mais informa\u00e7\u00f5es, o consumidor pode ligar para o 0800.282.1512 ou atrav\u00e9s do e-mail atendimento@procon.pe.gov.br.<\/p>\n","protected":false},"excerpt":{"rendered":"<p>In\u00edcio de ano, muitos pais e respons\u00e1veis com alunos em escolas particulares, correm para reservar ou renovar as matr\u00edculas e&hellip;<\/p>\n","protected":false},"author":1,"featured_media":79095,"comment_status":"open","ping_status":"open","sticky":false,"template":"","format":"standard","meta":{"footnotes":""},"categories":[14120],"tags":[2,19532,3406,23744],"class_list":["post-79094","post","type-post","status-publish","format-standard","has-post-thumbnail","hentry","category-noticias","tag-blog-do-edvaldo-magalhaes","tag-blog-mais-acessado-e-visualizado-de-caruaru-e-regiao","tag-caruaru","tag-procon-pe-orienta-sobre-direitos-do-consumidor-referentes-a-matricula-e-a-compra-de-material-escolar"],"_links":{"self":[{"href":"https:\/\/blogdoedvaldomagalhaes.com.br\/index.php\/wp-json\/wp\/v2\/posts\/79094","targetHints":{"allow":["GET"]}}],"collection":[{"href":"https:\/\/blogdoedvaldomagalhaes.com.br\/index.php\/wp-json\/wp\/v2\/posts"}],"about":[{"href":"https:\/\/blogdoedvaldomagalhaes.com.br\/index.php\/wp-json\/wp\/v2\/types\/post"}],"author":[{"embeddable":true,"href":"https:\/\/blogdoedvaldomagalhaes.com.br\/index.php\/wp-json\/wp\/v2\/users\/1"}],"replies":[{"embeddable":true,"href":"https:\/\/blogdoedvaldomagalhaes.com.br\/index.php\/wp-json\/wp\/v2\/comments?post=79094"}],"version-history":[{"count":1,"href":"https:\/\/blogdoedvaldomagalhaes.com.br\/index.php\/wp-json\/wp\/v2\/posts\/79094\/revisions"}],"predecessor-version":[{"id":79096,"href":"https:\/\/blogdoedvaldomagalhaes.com.br\/index.php\/wp-json\/wp\/v2\/posts\/79094\/revisions\/79096"}],"wp:featuredmedia":[{"embeddable":true,"href":"https:\/\/blogdoedvaldomagalhaes.com.br\/index.php\/wp-json\/wp\/v2\/media\/79095"}],"wp:attachment":[{"href":"https:\/\/blogdoedvaldomagalhaes.com.br\/index.php\/wp-json\/wp\/v2\/media?parent=79094"}],"wp:term":[{"taxonomy":"category","embeddable":true,"href":"https:\/\/blogdoedvaldomagalhaes.com.br\/index.php\/wp-json\/wp\/v2\/categories?post=79094"},{"taxonomy":"post_tag","embeddable":true,"href":"https:\/\/blogdoedvaldomagalhaes.com.br\/index.php\/wp-json\/wp\/v2\/tags?post=79094"}],"curies":[{"name":"wp","href":"https:\/\/api.w.org\/{rel}","templated":true}]}}