{"id":7908,"date":"2016-10-23T23:25:00","date_gmt":"2016-10-24T01:25:00","guid":{"rendered":"http:\/\/blogdoedvaldomagalhaes.com.br\/index.php\/2016\/10\/23\/empresa-que-fez-parceira-com-o-centra\/"},"modified":"2019-02-09T01:03:44","modified_gmt":"2019-02-09T03:03:44","slug":"empresa-que-fez-parceira-com-o-centra","status":"publish","type":"post","link":"https:\/\/blogdoedvaldomagalhaes.com.br\/index.php\/2016\/10\/23\/empresa-que-fez-parceira-com-o-centra\/","title":{"rendered":"Empresa que fez parceira com o Central at\u00e9 2017 fez contrato com o Bara\u00fanas-RN"},"content":{"rendered":"<div class=\"separator\" style=\"clear: both; text-align: center;\">\n<\/div>\n<div class=\"separator\" style=\"clear: both; text-align: center;\">\n<a href=\"https:\/\/2.bp.blogspot.com\/-oCRcXnwnQFk\/WA1GkT-q4EI\/AAAAAAAAIoE\/sokGsuHPaw0WFBLTkxYxiFDNM3cV56a4gCLcB\/s1600\/lm.jpg\" imageanchor=\"1\" style=\"margin-left: 1em; margin-right: 1em;\"><img loading=\"lazy\" decoding=\"async\" border=\"0\" height=\"221\" src=\"http:\/\/blogdoedvaldomagalhaes.com.br\/wp-content\/uploads\/2016\/10\/lm.jpg\" width=\"400\" \/><\/a><\/div>\n<div style=\"text-align: justify;\">\n<\/div>\n<div style=\"text-align: justify;\">\nA empresa LM03 Sports &amp; Marketing, que fez uma parceria com o Central de Caruaru at\u00e9 o ano de 2107, fechou parceira com o Bara\u00fanas-RN, na noite da \u00faltima quinta-feira (20). O vice-presidente do Bara\u00fanas, Gilson Cardoso, confirmou a renova\u00e7\u00e3o da parceria com o empres\u00e1rio Luciano Martins, da empresa LM03 Sports para o Campeonato Estadual.<\/div>\n<div style=\"text-align: justify;\">\n<\/div>\n<div class=\"separator\" style=\"clear: both; text-align: center;\">\n<a href=\"https:\/\/1.bp.blogspot.com\/-LYMrvjtR0Ak\/WA1GKypv7ZI\/AAAAAAAAIoA\/tBUIh7_rWUQVEy4UIz69m9xfiWH9kSnbwCEw\/s1600\/ele.jpg\" imageanchor=\"1\" style=\"margin-left: 1em; margin-right: 1em;\"><img loading=\"lazy\" decoding=\"async\" border=\"0\" height=\"224\" src=\"http:\/\/blogdoedvaldomagalhaes.com.br\/wp-content\/uploads\/2016\/10\/ele.jpg\" width=\"400\" \/><\/a><\/div>\n<div style=\"text-align: justify;\">\n<\/div>\n<div style=\"text-align: justify;\">\n\u201cO Luciano est\u00e1 vindo \u00e1 Mossor\u00f3 no pr\u00f3ximo m\u00eas para oficializar a parceria conosco. Vimos que a parceria deu certo este ano e ele ficou bastante satisfeito com os resultados obtidos, comentou Gilson Cardoso revelando ainda que o elenco ser\u00e1 composto por alguns jogadores que atuam fora do Pa\u00eds.<\/div>\n<div style=\"text-align: justify;\">\n<\/div>\n<div style=\"text-align: justify;\">\n\u201cLuciano tem jogadores em um time na segunda divis\u00e3o do futebol Irland\u00eas, e pretende trazer alguns destes jogadores para compor o nosso plantel no pr\u00f3ximo ano, juntamente com alguns jogadores da empresa dele que atuam no Brasil. Vejo que o Bara\u00fanas s\u00f3 ter\u00e1 a ganhar com esta parceria, e que vir\u00e1 forte pela briga das vagas da Copa do Nordeste, Copa do Brasil, S\u00e9rie D 2018 e principalmente o t\u00edtulo do Estadual\u201d finalizou.<\/div>\n<div style=\"text-align: justify;\">\n<\/div>\n<div style=\"text-align: justify;\">\nConhe\u00e7a um pouco mais sobre a empresa LM03 Sports &amp; Marketing<\/div>\n<div style=\"text-align: justify;\">\n<\/div>\n<div style=\"text-align: justify;\">\nA LM03Sports \u00e9 uma ag\u00eancia full service que atua na gest\u00e3o, assessoria e gerenciamento de carreira de atletas de futebol, marketing esportivo e intermedia\u00e7\u00f5es, proporcionando a nossos clientes e parceiros um atendimento 360 graus, din\u00e2mico, inteligente e de resultados.<\/div>\n<div style=\"text-align: justify;\">\n<\/div>\n<div style=\"text-align: justify;\">\nA empresa \u00e9 administrada por Luciano Martins, Marcos Leite e Ricardo Mendes e tem estreito relacionamento com diversos clubes do Brasil, Argentina, Chile, Portugal, It\u00e1lia, Fran\u00e7a, pa\u00edses do Leste Europeu, \u00c1sia e mercado \u00c1rabe, al\u00e9m de rela\u00e7\u00e3o direta com agentes importantes e consagrados no mercado do futebol.<\/div>\n<div style=\"text-align: justify;\">\n<\/div>\n<div style=\"text-align: justify;\">\nCom informa\u00e7\u00f5es do Blog do Edinaldo Moreno.<\/div>\n","protected":false},"excerpt":{"rendered":"<p>A empresa LM03 Sports &amp; Marketing, que fez uma parceria com o Central de Caruaru at\u00e9 o ano de 2107,&hellip;<\/p>\n","protected":false},"author":1,"featured_media":0,"comment_status":"open","ping_status":"open","sticky":false,"template":"","format":"standard","meta":{"footnotes":""},"categories":[1],"tags":[2,11578,3,11579,11580,11581],"class_list":["post-7908","post","type-post","status-publish","format-standard","hentry","category-sem-categoria","tag-blog-do-edvaldo-magalhaes","tag-empresa-que-fez-parceira-com-o-central-ate-2017-fez-contrato-com-o-baraunas-rn","tag-futebol","tag-gilson-cardoso","tag-lm03-sports-marketing","tag-luciano-martins"],"_links":{"self":[{"href":"https:\/\/blogdoedvaldomagalhaes.com.br\/index.php\/wp-json\/wp\/v2\/posts\/7908","targetHints":{"allow":["GET"]}}],"collection":[{"href":"https:\/\/blogdoedvaldomagalhaes.com.br\/index.php\/wp-json\/wp\/v2\/posts"}],"about":[{"href":"https:\/\/blogdoedvaldomagalhaes.com.br\/index.php\/wp-json\/wp\/v2\/types\/post"}],"author":[{"embeddable":true,"href":"https:\/\/blogdoedvaldomagalhaes.com.br\/index.php\/wp-json\/wp\/v2\/users\/1"}],"replies":[{"embeddable":true,"href":"https:\/\/blogdoedvaldomagalhaes.com.br\/index.php\/wp-json\/wp\/v2\/comments?post=7908"}],"version-history":[{"count":1,"href":"https:\/\/blogdoedvaldomagalhaes.com.br\/index.php\/wp-json\/wp\/v2\/posts\/7908\/revisions"}],"predecessor-version":[{"id":13487,"href":"https:\/\/blogdoedvaldomagalhaes.com.br\/index.php\/wp-json\/wp\/v2\/posts\/7908\/revisions\/13487"}],"wp:attachment":[{"href":"https:\/\/blogdoedvaldomagalhaes.com.br\/index.php\/wp-json\/wp\/v2\/media?parent=7908"}],"wp:term":[{"taxonomy":"category","embeddable":true,"href":"https:\/\/blogdoedvaldomagalhaes.com.br\/index.php\/wp-json\/wp\/v2\/categories?post=7908"},{"taxonomy":"post_tag","embeddable":true,"href":"https:\/\/blogdoedvaldomagalhaes.com.br\/index.php\/wp-json\/wp\/v2\/tags?post=7908"}],"curies":[{"name":"wp","href":"https:\/\/api.w.org\/{rel}","templated":true}]}}