{"id":79078,"date":"2022-01-06T14:38:16","date_gmt":"2022-01-06T17:38:16","guid":{"rendered":"https:\/\/blogdoedvaldomagalhaes.com.br\/?p=79078"},"modified":"2022-01-06T15:47:52","modified_gmt":"2022-01-06T18:47:52","slug":"jovem-que-afirma-ser-filho-do-padre-bianchi-xavier-pede-r-2-milhoes-na-justica","status":"publish","type":"post","link":"https:\/\/blogdoedvaldomagalhaes.com.br\/index.php\/2022\/01\/06\/jovem-que-afirma-ser-filho-do-padre-bianchi-xavier-pede-r-2-milhoes-na-justica\/","title":{"rendered":"Jovem que afirma ser filho do Padre Bianchi Xavier pede R$ 2 milh\u00f5es na Justi\u00e7a"},"content":{"rendered":"<p style=\"text-align: justify;\"><span style=\"font-size: inherit;\">O Blog do Edvaldo Magalh\u00e3es foi procurado por Emanuel Gaspar Ara\u00fajo da Silva Xavier, de 23 anos de idade, residente na Para\u00edba, que afirmou ser filho de Catarina Bezerra de Ara\u00fajo, que trabalhou como secret\u00e1ria na Par\u00f3quia&nbsp; de Santa Cruz do Capibaribe, e do Padre da Igreja Cat\u00f3lica Apost\u00f3lica Romana, Bianchi Xavier, que at\u00e9 o dia 12 de maio de 2021 era membro do clero da Diocese de Caruaru, e que veio a \u00f3bito, v\u00edtima da COVID-19, aos 69 anos de idade.<\/span><\/p>\n<p style=\"text-align: justify;\">Emanuel pede R$ 2 milh\u00f5es por danos morais na Justi\u00e7a, e enviou a peti\u00e7\u00e3o inicial do processo contra o Bispo da Diocese de Caruaru e demais r\u00e9us, e afirmou que &#8220;trata-se de um caso Sui generis, de um filho de um sacerdote vitimado pela pandemia do COVID-19 que busca a responsabiliza\u00e7\u00e3o da igreja particular de Caruaru, do seu Bispo e dos demais r\u00e9us, pela vida e legado de Padre Bianchi Xavier, seu saudoso Pai!&#8221;, concluiu.<\/p>\n<p style=\"text-align: justify;\">O Blog do Edvaldo Magalh\u00e3es tamb\u00e9m foi procurado pelo advogado Guilherme Dudus, que disse &#8220;sou advogado em S\u00e3o Paulo e fundador, em conjunto com a Dra. Maristela Basso, do movimento internacional Cicatrizes da F\u00e9, cuja miss\u00e3o \u00e9 denunciar qualquer tipo de abuso (sexual, espiritual, financeiro, etc) praticado na Igreja. Em verdade, surgimos a partir de um caso concreto (do Elissandro, estuprado por um sacerdote chamado Bartolomeu da Silva Paz aos 17 anos) e a partir de ent\u00e3o come\u00e7amos a receber v\u00e1rias den\u00fancias, dos temas mais diversos, no Brasil e exterior envolvendo sacerdotes cat\u00f3licos. Eis que nos deparamos com o triste caso do filho do Pe. Bianchi, da Diocese de Caruaru, amado pelo povo de todas as comunidades e par\u00f3quias por onde passou. Pe. Bianchi foi pai de uma crian\u00e7a nos idos dos anos 90, mas nunca deixou de cumprir a sua miss\u00e3o sacerdotal, inclusive, morreu de COVID justamente servindo a Igreja. O filho do Pe. Bianchi, o jovem advogado Emanuel viveu uma vida de reclus\u00e3o e persegui\u00e7\u00f5es por parte da c\u00fapula da Diocese de Caruaru, iniciado pelo bispo de tend\u00eancias ma\u00e7\u00f4nicas Dom Dino, passando pelo atual bispo Dom Jos\u00e9 Ruy e apoiada por parte de padres de comportamento duvidoso da mesma Diocese de Caruaru. Este rapaz at\u00e9 impedido de acompanhar o funeral do seu pai foi, tudo para \u201cproteger\u201d a imagem da Igreja, mesmo seu pai tendo sido v\u00edtima desta mesma institui\u00e7\u00e3o ao longo de mais de 30 anos de sacerd\u00f3cio. Por uma quest\u00e3o de seguran\u00e7a do meu cliente, apresento esta triste hist\u00f3ria, esperan\u00e7oso de que possa ser \u00fatil para a sociedade. Foi intentada uma a\u00e7\u00e3o judicial contra a c\u00fapula da Diocese de Caruaru, com fortes revela\u00e7\u00f5es silenciadas ao longo de uma vida de reclus\u00e3o e dor por parte do finado Bianchi e, agora, do seu filho Emanuel. Nos ajude, por favor! Que Deus te aben\u00e7oe sempre&#8221; concluiu o advogado Guilherme Dudus.<\/p>\n<p style=\"text-align: justify;\">O Blog do Edvaldo Magalh\u00e3es procurou a Diocese de Caruaru, e recebeu essa resposta: &#8220;A Diocese n\u00e3o se pronuncia sobre temas do sertor jur\u00eddico&#8221;.<\/p>\n\n\n<figure class=\"wp-block-image size-large\"><img loading=\"lazy\" decoding=\"async\" width=\"1024\" height=\"576\" src=\"https:\/\/blogdoedvaldomagalhaes.com.br\/wp-content\/uploads\/2022\/01\/IMG-20220106-WA0204-1024x576.jpg\" alt=\"\" class=\"wp-image-79081\" srcset=\"https:\/\/blogdoedvaldomagalhaes.com.br\/wp-content\/uploads\/2022\/01\/IMG-20220106-WA0204-1024x576.jpg 1024w, https:\/\/blogdoedvaldomagalhaes.com.br\/wp-content\/uploads\/2022\/01\/IMG-20220106-WA0204-300x169.jpg 300w, https:\/\/blogdoedvaldomagalhaes.com.br\/wp-content\/uploads\/2022\/01\/IMG-20220106-WA0204-768x432.jpg 768w, https:\/\/blogdoedvaldomagalhaes.com.br\/wp-content\/uploads\/2022\/01\/IMG-20220106-WA0204-1536x864.jpg 1536w, https:\/\/blogdoedvaldomagalhaes.com.br\/wp-content\/uploads\/2022\/01\/IMG-20220106-WA0204-1140x641.jpg 1140w, https:\/\/blogdoedvaldomagalhaes.com.br\/wp-content\/uploads\/2022\/01\/IMG-20220106-WA0204-720x405.jpg 720w, https:\/\/blogdoedvaldomagalhaes.com.br\/wp-content\/uploads\/2022\/01\/IMG-20220106-WA0204.jpg 1600w\" sizes=\"auto, (max-width: 1024px) 100vw, 1024px\" \/><\/figure>\n\n\n\n<figure class=\"wp-block-image size-large\"><img loading=\"lazy\" decoding=\"async\" width=\"1024\" height=\"721\" src=\"https:\/\/blogdoedvaldomagalhaes.com.br\/wp-content\/uploads\/2022\/01\/IMG-20220106-WA0205-1024x721.jpg\" alt=\"\" class=\"wp-image-79083\" srcset=\"https:\/\/blogdoedvaldomagalhaes.com.br\/wp-content\/uploads\/2022\/01\/IMG-20220106-WA0205-1024x721.jpg 1024w, https:\/\/blogdoedvaldomagalhaes.com.br\/wp-content\/uploads\/2022\/01\/IMG-20220106-WA0205-300x211.jpg 300w, https:\/\/blogdoedvaldomagalhaes.com.br\/wp-content\/uploads\/2022\/01\/IMG-20220106-WA0205-768x541.jpg 768w, https:\/\/blogdoedvaldomagalhaes.com.br\/wp-content\/uploads\/2022\/01\/IMG-20220106-WA0205-1536x1082.jpg 1536w, https:\/\/blogdoedvaldomagalhaes.com.br\/wp-content\/uploads\/2022\/01\/IMG-20220106-WA0205.jpg 1600w\" sizes=\"auto, (max-width: 1024px) 100vw, 1024px\" \/><\/figure>\n\n\n\n<figure class=\"wp-block-image size-large\"><img loading=\"lazy\" decoding=\"async\" width=\"691\" height=\"1024\" src=\"https:\/\/blogdoedvaldomagalhaes.com.br\/wp-content\/uploads\/2022\/01\/Screenshot_20220106-1442492-691x1024.png\" alt=\"\" class=\"wp-image-79085\" srcset=\"https:\/\/blogdoedvaldomagalhaes.com.br\/wp-content\/uploads\/2022\/01\/Screenshot_20220106-1442492-691x1024.png 691w, https:\/\/blogdoedvaldomagalhaes.com.br\/wp-content\/uploads\/2022\/01\/Screenshot_20220106-1442492-203x300.png 203w, https:\/\/blogdoedvaldomagalhaes.com.br\/wp-content\/uploads\/2022\/01\/Screenshot_20220106-1442492.png 759w\" sizes=\"auto, (max-width: 691px) 100vw, 691px\" \/><figcaption>Trecho do documento enviado ao Vaticano e TJPE<\/figcaption><\/figure>\n\n\n\n<figure class=\"wp-block-image size-large\"><img loading=\"lazy\" decoding=\"async\" width=\"576\" height=\"1024\" src=\"https:\/\/blogdoedvaldomagalhaes.com.br\/wp-content\/uploads\/2022\/01\/Screenshot_20220106-154457-576x1024.png\" alt=\"\" class=\"wp-image-79100\" srcset=\"https:\/\/blogdoedvaldomagalhaes.com.br\/wp-content\/uploads\/2022\/01\/Screenshot_20220106-154457-576x1024.png 576w, https:\/\/blogdoedvaldomagalhaes.com.br\/wp-content\/uploads\/2022\/01\/Screenshot_20220106-154457-169x300.png 169w, https:\/\/blogdoedvaldomagalhaes.com.br\/wp-content\/uploads\/2022\/01\/Screenshot_20220106-154457-768x1365.png 768w, https:\/\/blogdoedvaldomagalhaes.com.br\/wp-content\/uploads\/2022\/01\/Screenshot_20220106-154457-864x1536.png 864w, https:\/\/blogdoedvaldomagalhaes.com.br\/wp-content\/uploads\/2022\/01\/Screenshot_20220106-154457.png 1080w\" sizes=\"auto, (max-width: 576px) 100vw, 576px\" \/><figcaption>Certid\u00e3o de nascimento <\/figcaption><\/figure>\n","protected":false},"excerpt":{"rendered":"<p>O Blog do Edvaldo Magalh\u00e3es foi procurado por Emanuel Gaspar Ara\u00fajo da Silva Xavier, de 23 anos de idade, residente&hellip;<\/p>\n","protected":false},"author":1,"featured_media":79079,"comment_status":"open","ping_status":"open","sticky":false,"template":"","format":"standard","meta":{"footnotes":""},"categories":[14120],"tags":[2,19532,3406,23743],"class_list":["post-79078","post","type-post","status-publish","format-standard","has-post-thumbnail","hentry","category-noticias","tag-blog-do-edvaldo-magalhaes","tag-blog-mais-acessado-e-visualizado-de-caruaru-e-regiao","tag-caruaru","tag-jovem-que-afirma-ser-filho-do-padre-bianchi-xavier-pede-r-2-milhoes-a-diocese-de-caruaru-na-justica"],"_links":{"self":[{"href":"https:\/\/blogdoedvaldomagalhaes.com.br\/index.php\/wp-json\/wp\/v2\/posts\/79078","targetHints":{"allow":["GET"]}}],"collection":[{"href":"https:\/\/blogdoedvaldomagalhaes.com.br\/index.php\/wp-json\/wp\/v2\/posts"}],"about":[{"href":"https:\/\/blogdoedvaldomagalhaes.com.br\/index.php\/wp-json\/wp\/v2\/types\/post"}],"author":[{"embeddable":true,"href":"https:\/\/blogdoedvaldomagalhaes.com.br\/index.php\/wp-json\/wp\/v2\/users\/1"}],"replies":[{"embeddable":true,"href":"https:\/\/blogdoedvaldomagalhaes.com.br\/index.php\/wp-json\/wp\/v2\/comments?post=79078"}],"version-history":[{"count":9,"href":"https:\/\/blogdoedvaldomagalhaes.com.br\/index.php\/wp-json\/wp\/v2\/posts\/79078\/revisions"}],"predecessor-version":[{"id":79102,"href":"https:\/\/blogdoedvaldomagalhaes.com.br\/index.php\/wp-json\/wp\/v2\/posts\/79078\/revisions\/79102"}],"wp:featuredmedia":[{"embeddable":true,"href":"https:\/\/blogdoedvaldomagalhaes.com.br\/index.php\/wp-json\/wp\/v2\/media\/79079"}],"wp:attachment":[{"href":"https:\/\/blogdoedvaldomagalhaes.com.br\/index.php\/wp-json\/wp\/v2\/media?parent=79078"}],"wp:term":[{"taxonomy":"category","embeddable":true,"href":"https:\/\/blogdoedvaldomagalhaes.com.br\/index.php\/wp-json\/wp\/v2\/categories?post=79078"},{"taxonomy":"post_tag","embeddable":true,"href":"https:\/\/blogdoedvaldomagalhaes.com.br\/index.php\/wp-json\/wp\/v2\/tags?post=79078"}],"curies":[{"name":"wp","href":"https:\/\/api.w.org\/{rel}","templated":true}]}}