{"id":79075,"date":"2022-01-06T13:53:00","date_gmt":"2022-01-06T16:53:00","guid":{"rendered":"https:\/\/blogdoedvaldomagalhaes.com.br\/?p=79075"},"modified":"2022-01-06T13:53:01","modified_gmt":"2022-01-06T16:53:01","slug":"homem-e-detido-com-maconha-em-caruaru","status":"publish","type":"post","link":"https:\/\/blogdoedvaldomagalhaes.com.br\/index.php\/2022\/01\/06\/homem-e-detido-com-maconha-em-caruaru\/","title":{"rendered":"Homem \u00e9 detido com maconha em Caruaru"},"content":{"rendered":"<p style=\"text-align: justify;\"><span style=\"font-size: inherit;\">Um homem foi preso por tr\u00e1fico de drogas por policiais militares do 1\u00ba BIEsp, nesssa quarta-feira (05\/01), na Avenida Caiuc\u00e1, em Caruaru. O efetivo abordou o suspeito, encontrou uma por\u00e7\u00e3o de maconha e ele acabou admitindo possuir mais drogas em sua resid\u00eancia.<\/span><\/p>\n<p style=\"text-align: justify;\">No local indicado e autorizados pela m\u00e3e do suspeito, os policiais realizaram buscas e localizaram 30 cigarros de maconha e outras duas por\u00e7\u00f5es da mesma droga com aproximadamente 60g e mais quatro volumes de 20g, uma balan\u00e7a de precis\u00e3o e tr\u00eas mudas do entorpecente.<\/p>\n<p style=\"text-align: justify;\">Diante dos fatos, o envolvido foi encaminhado para a Delegacia de Plant\u00e3o da cidade, onde foi formalizado o flagrante.<\/p>\n","protected":false},"excerpt":{"rendered":"<p>Um homem foi preso por tr\u00e1fico de drogas por policiais militares do 1\u00ba BIEsp, nesssa quarta-feira (05\/01), na Avenida Caiuc\u00e1,&hellip;<\/p>\n","protected":false},"author":1,"featured_media":79076,"comment_status":"open","ping_status":"open","sticky":false,"template":"","format":"standard","meta":{"footnotes":""},"categories":[14121],"tags":[2,19532,3406,23742],"class_list":["post-79075","post","type-post","status-publish","format-standard","has-post-thumbnail","hentry","category-policial","tag-blog-do-edvaldo-magalhaes","tag-blog-mais-acessado-e-visualizado-de-caruaru-e-regiao","tag-caruaru","tag-homem-e-detido-com-maconha-em-caruaru"],"_links":{"self":[{"href":"https:\/\/blogdoedvaldomagalhaes.com.br\/index.php\/wp-json\/wp\/v2\/posts\/79075","targetHints":{"allow":["GET"]}}],"collection":[{"href":"https:\/\/blogdoedvaldomagalhaes.com.br\/index.php\/wp-json\/wp\/v2\/posts"}],"about":[{"href":"https:\/\/blogdoedvaldomagalhaes.com.br\/index.php\/wp-json\/wp\/v2\/types\/post"}],"author":[{"embeddable":true,"href":"https:\/\/blogdoedvaldomagalhaes.com.br\/index.php\/wp-json\/wp\/v2\/users\/1"}],"replies":[{"embeddable":true,"href":"https:\/\/blogdoedvaldomagalhaes.com.br\/index.php\/wp-json\/wp\/v2\/comments?post=79075"}],"version-history":[{"count":1,"href":"https:\/\/blogdoedvaldomagalhaes.com.br\/index.php\/wp-json\/wp\/v2\/posts\/79075\/revisions"}],"predecessor-version":[{"id":79077,"href":"https:\/\/blogdoedvaldomagalhaes.com.br\/index.php\/wp-json\/wp\/v2\/posts\/79075\/revisions\/79077"}],"wp:featuredmedia":[{"embeddable":true,"href":"https:\/\/blogdoedvaldomagalhaes.com.br\/index.php\/wp-json\/wp\/v2\/media\/79076"}],"wp:attachment":[{"href":"https:\/\/blogdoedvaldomagalhaes.com.br\/index.php\/wp-json\/wp\/v2\/media?parent=79075"}],"wp:term":[{"taxonomy":"category","embeddable":true,"href":"https:\/\/blogdoedvaldomagalhaes.com.br\/index.php\/wp-json\/wp\/v2\/categories?post=79075"},{"taxonomy":"post_tag","embeddable":true,"href":"https:\/\/blogdoedvaldomagalhaes.com.br\/index.php\/wp-json\/wp\/v2\/tags?post=79075"}],"curies":[{"name":"wp","href":"https:\/\/api.w.org\/{rel}","templated":true}]}}