{"id":79071,"date":"2022-01-06T11:52:35","date_gmt":"2022-01-06T14:52:35","guid":{"rendered":"https:\/\/blogdoedvaldomagalhaes.com.br\/?p=79071"},"modified":"2022-01-06T12:21:59","modified_gmt":"2022-01-06T15:21:59","slug":"prefeitura-de-caruaru-anuncia-cancelamento-da-semana-pre-carnavalesca","status":"publish","type":"post","link":"https:\/\/blogdoedvaldomagalhaes.com.br\/index.php\/2022\/01\/06\/prefeitura-de-caruaru-anuncia-cancelamento-da-semana-pre-carnavalesca\/","title":{"rendered":"Prefeitura de Caruaru anuncia cancelamento da semana pr\u00e9-carnavalesca"},"content":{"rendered":"<p style=\"text-align: justify;\"><span style=\"font-size: inherit;\">A Prefeitura de Caruaru informa que, devido ao cen\u00e1rio epidemiol\u00f3gico causado pela Covid-19 e Influenza A, subtipo H3N2, n\u00e3o realizar\u00e1 nenhuma atividade p\u00fablica durante o per\u00edodo pr\u00e9 e carnavalesco no munic\u00edpio. A decis\u00e3o levou em considera\u00e7\u00e3o o aumento de casos de S\u00edndrome Respirat\u00f3ria Aguda Grave (SRAG) na regi\u00e3o, buscando, desta forma, evitar aglomera\u00e7\u00f5es, e promovendo o cuidado com a sa\u00fade e vida da popula\u00e7\u00e3o.<\/span><\/p>\n<p style=\"text-align: justify;\">Foto: Rafael Lima\/Divulga\u00e7\u00e3o.<\/p>\n","protected":false},"excerpt":{"rendered":"<p>A Prefeitura de Caruaru informa que, devido ao cen\u00e1rio epidemiol\u00f3gico causado pela Covid-19 e Influenza A, subtipo H3N2, n\u00e3o realizar\u00e1&hellip;<\/p>\n","protected":false},"author":1,"featured_media":79072,"comment_status":"open","ping_status":"open","sticky":false,"template":"","format":"standard","meta":{"footnotes":""},"categories":[14120],"tags":[2,19532,3406,23741],"class_list":["post-79071","post","type-post","status-publish","format-standard","has-post-thumbnail","hentry","category-noticias","tag-blog-do-edvaldo-magalhaes","tag-blog-mais-acessado-e-visualizado-de-caruaru-e-regiao","tag-caruaru","tag-prefeitura-de-caruaru-anuncia-cancelamento-da-semana-pre-carnavalesca"],"_links":{"self":[{"href":"https:\/\/blogdoedvaldomagalhaes.com.br\/index.php\/wp-json\/wp\/v2\/posts\/79071","targetHints":{"allow":["GET"]}}],"collection":[{"href":"https:\/\/blogdoedvaldomagalhaes.com.br\/index.php\/wp-json\/wp\/v2\/posts"}],"about":[{"href":"https:\/\/blogdoedvaldomagalhaes.com.br\/index.php\/wp-json\/wp\/v2\/types\/post"}],"author":[{"embeddable":true,"href":"https:\/\/blogdoedvaldomagalhaes.com.br\/index.php\/wp-json\/wp\/v2\/users\/1"}],"replies":[{"embeddable":true,"href":"https:\/\/blogdoedvaldomagalhaes.com.br\/index.php\/wp-json\/wp\/v2\/comments?post=79071"}],"version-history":[{"count":2,"href":"https:\/\/blogdoedvaldomagalhaes.com.br\/index.php\/wp-json\/wp\/v2\/posts\/79071\/revisions"}],"predecessor-version":[{"id":79074,"href":"https:\/\/blogdoedvaldomagalhaes.com.br\/index.php\/wp-json\/wp\/v2\/posts\/79071\/revisions\/79074"}],"wp:featuredmedia":[{"embeddable":true,"href":"https:\/\/blogdoedvaldomagalhaes.com.br\/index.php\/wp-json\/wp\/v2\/media\/79072"}],"wp:attachment":[{"href":"https:\/\/blogdoedvaldomagalhaes.com.br\/index.php\/wp-json\/wp\/v2\/media?parent=79071"}],"wp:term":[{"taxonomy":"category","embeddable":true,"href":"https:\/\/blogdoedvaldomagalhaes.com.br\/index.php\/wp-json\/wp\/v2\/categories?post=79071"},{"taxonomy":"post_tag","embeddable":true,"href":"https:\/\/blogdoedvaldomagalhaes.com.br\/index.php\/wp-json\/wp\/v2\/tags?post=79071"}],"curies":[{"name":"wp","href":"https:\/\/api.w.org\/{rel}","templated":true}]}}