{"id":7907,"date":"2016-10-24T00:19:00","date_gmt":"2016-10-24T02:19:00","guid":{"rendered":"http:\/\/blogdoedvaldomagalhaes.com.br\/index.php\/2016\/10\/24\/agenda-dos-candidatos-prefeito-de_76\/"},"modified":"2019-02-09T01:03:47","modified_gmt":"2019-02-09T03:03:47","slug":"agenda-dos-candidatos-prefeito-de_76","status":"publish","type":"post","link":"https:\/\/blogdoedvaldomagalhaes.com.br\/index.php\/2016\/10\/24\/agenda-dos-candidatos-prefeito-de_76\/","title":{"rendered":"Agenda dos candidatos a Prefeito de Caruaru nesta segunda (24)"},"content":{"rendered":"<div class=\"separator\" style=\"clear: both; text-align: center;\">\n<a href=\"https:\/\/1.bp.blogspot.com\/-0SQltwsXthg\/WA1SmocIBlI\/AAAAAAAAIoY\/QuD_dANCq0gVECn74g_-3IrIe9-MXIZKwCLcB\/s1600\/Agenda%2Bdos%2BCandidatos.jpg\" imageanchor=\"1\" style=\"margin-left: 1em; margin-right: 1em;\"><img loading=\"lazy\" decoding=\"async\" border=\"0\" height=\"206\" src=\"http:\/\/blogdoedvaldomagalhaes.com.br\/wp-content\/uploads\/2016\/10\/AgendadosCandidatos-9.jpg\" width=\"400\" \/><\/a><\/div>\n<div class=\"separator\" style=\"clear: both; text-align: center;\">\n<\/div>\n<div style=\"background-color: white; border: 0px; margin-bottom: 1.5em; outline: 0px; padding: 0px; text-align: justify; vertical-align: baseline;\">\n<b>Tony Gel (PMDB)<\/b><\/div>\n<div style=\"background-color: white; border: 0px; color: #4b4b4b; margin-bottom: 1.5em; outline: 0px; padding: 0px; vertical-align: baseline;\">\n<\/div>\n<div style=\"text-align: justify;\">\n08h &#8211; Grava para o guia eleitoral<\/div>\n<div style=\"text-align: justify;\">\n15h \u2013 Reuni\u00e3o com a Coordena\u00e7\u00e3o da campanha<\/div>\n<div style=\"text-align: justify;\">\n18h \u2013 Visita comunidade na Zona Rural<\/div>\n<div style=\"text-align: justify;\">\n19h \u2013 Porta a Porta em Bairro da cidade<\/div>\n<p><\/p>\n<div style=\"background-color: white; border: 0px; color: #4b4b4b; margin-bottom: 1.5em; outline: 0px; padding: 0px; vertical-align: baseline;\">\n<\/div>\n<div style=\"text-align: justify;\">\n<strong style=\"border: 0px; font-family: Arial, Helvetica, sans-serif; font-style: inherit; margin: 0px; outline: 0px; padding: 0px; vertical-align: baseline;\">Raquel Lyra (PSDB)<\/strong><\/div>\n<div style=\"text-align: justify;\">\n<strong style=\"border: 0px; font-family: Arial, Helvetica, sans-serif; font-style: inherit; margin: 0px; outline: 0px; padding: 0px; vertical-align: baseline;\"><br \/><\/strong><\/div>\n<div style=\"text-align: justify;\">\n9h \u2013 Visita uma f\u00e1brica<\/div>\n<div style=\"text-align: justify;\">\n10h \u2013 faz Porta a Porta no Nina Liberato e Lagoa de Pedra<\/div>\n<div style=\"text-align: justify;\">\n14h \u2013 faz Porta a Porta em Lagoa de Algod\u00e3o e Fernando Lyra<\/div>\n<div style=\"text-align: justify;\">\n19h \u2013 tem reuni\u00e3o no Adalgisa Nunes e Rua Fausto Justino dos Santos<\/div>\n<div style=\"text-align: justify;\">\n20h \u2013 faz Caminhada no Encanto da Serra e Agamenon<\/div>\n","protected":false},"excerpt":{"rendered":"<p>Tony Gel (PMDB) 08h &#8211; Grava para o guia eleitoral 15h \u2013 Reuni\u00e3o com a Coordena\u00e7\u00e3o da campanha 18h \u2013&hellip;<\/p>\n","protected":false},"author":1,"featured_media":0,"comment_status":"open","ping_status":"open","sticky":false,"template":"","format":"standard","meta":{"footnotes":""},"categories":[1],"tags":[11572,11573,2,11431,11574,11575,3232,11576,11577],"class_list":["post-7907","post","type-post","status-publish","format-standard","hentry","category-sem-categoria","tag-adalgisa-nunes","tag-agenda-dos-candidatos-a-prefeito-de-caruaru-nesta-segunda-24","tag-blog-do-edvaldo-magalhaes","tag-eleicoes-2016","tag-encanto-da-serra","tag-fernando-lyra","tag-lagoa-de-pedra","tag-lagoa-do-algodao","tag-nina-liberato"],"_links":{"self":[{"href":"https:\/\/blogdoedvaldomagalhaes.com.br\/index.php\/wp-json\/wp\/v2\/posts\/7907","targetHints":{"allow":["GET"]}}],"collection":[{"href":"https:\/\/blogdoedvaldomagalhaes.com.br\/index.php\/wp-json\/wp\/v2\/posts"}],"about":[{"href":"https:\/\/blogdoedvaldomagalhaes.com.br\/index.php\/wp-json\/wp\/v2\/types\/post"}],"author":[{"embeddable":true,"href":"https:\/\/blogdoedvaldomagalhaes.com.br\/index.php\/wp-json\/wp\/v2\/users\/1"}],"replies":[{"embeddable":true,"href":"https:\/\/blogdoedvaldomagalhaes.com.br\/index.php\/wp-json\/wp\/v2\/comments?post=7907"}],"version-history":[{"count":1,"href":"https:\/\/blogdoedvaldomagalhaes.com.br\/index.php\/wp-json\/wp\/v2\/posts\/7907\/revisions"}],"predecessor-version":[{"id":13489,"href":"https:\/\/blogdoedvaldomagalhaes.com.br\/index.php\/wp-json\/wp\/v2\/posts\/7907\/revisions\/13489"}],"wp:attachment":[{"href":"https:\/\/blogdoedvaldomagalhaes.com.br\/index.php\/wp-json\/wp\/v2\/media?parent=7907"}],"wp:term":[{"taxonomy":"category","embeddable":true,"href":"https:\/\/blogdoedvaldomagalhaes.com.br\/index.php\/wp-json\/wp\/v2\/categories?post=7907"},{"taxonomy":"post_tag","embeddable":true,"href":"https:\/\/blogdoedvaldomagalhaes.com.br\/index.php\/wp-json\/wp\/v2\/tags?post=7907"}],"curies":[{"name":"wp","href":"https:\/\/api.w.org\/{rel}","templated":true}]}}