{"id":79063,"date":"2022-01-06T09:00:08","date_gmt":"2022-01-06T12:00:08","guid":{"rendered":"https:\/\/blogdoedvaldomagalhaes.com.br\/?p=79063"},"modified":"2022-01-06T09:22:18","modified_gmt":"2022-01-06T12:22:18","slug":"identificado-jovem-que-foi-assassinado-a-tiros-em-caruaru","status":"publish","type":"post","link":"https:\/\/blogdoedvaldomagalhaes.com.br\/index.php\/2022\/01\/06\/identificado-jovem-que-foi-assassinado-a-tiros-em-caruaru\/","title":{"rendered":"Identificado jovem que foi assassinado a tiros em Caruaru"},"content":{"rendered":"<p style=\"text-align: justify;\">Na noite dessa desta quarta feira (06), foi assassinado a tiros o jovem e ex-presidi\u00e1rio Leandro Raimundo dos Santos, de 23 anos de idade, na rua Turquia, no bairro S\u00e3o Jo\u00e3o da Esc\u00f3cia, em Caruaru. O motivo do crime e a autoria s\u00e3o desconhecidos\u00a0 at\u00e9 o fechamento desta edi\u00e7\u00e3o.\u00a0 Ap\u00f3s o levantamento cadav\u00e9rico o corpo foi encaminhado para o IML.<\/p>\n<p style=\"text-align: justify;\">Esse foi o2\u00b0 homic\u00eddio do m\u00eas de janeiro e o 2\u00b0 do ano 2022, em Caruaru.<\/p>\n<p>Foto: Adielson Galv\u00e3o.\u00a0<\/p>\n\n\n<figure class=\"wp-block-image size-large\"><img loading=\"lazy\" decoding=\"async\" width=\"400\" height=\"266\" src=\"https:\/\/blogdoedvaldomagalhaes.com.br\/wp-content\/uploads\/2022\/01\/FB_IMG_1641470485648.jpg\" alt=\"\" class=\"wp-image-79066\" srcset=\"https:\/\/blogdoedvaldomagalhaes.com.br\/wp-content\/uploads\/2022\/01\/FB_IMG_1641470485648.jpg 400w, https:\/\/blogdoedvaldomagalhaes.com.br\/wp-content\/uploads\/2022\/01\/FB_IMG_1641470485648-300x200.jpg 300w\" sizes=\"auto, (max-width: 400px) 100vw, 400px\" \/><figcaption>Leandro Raimundo dos Santos <\/figcaption><\/figure>\n","protected":false},"excerpt":{"rendered":"<p>Na noite dessa desta quarta feira (06), foi assassinado a tiros o jovem e ex-presidi\u00e1rio Leandro Raimundo dos Santos, de&hellip;<\/p>\n","protected":false},"author":1,"featured_media":79064,"comment_status":"open","ping_status":"open","sticky":false,"template":"","format":"standard","meta":{"footnotes":""},"categories":[14121],"tags":[2,19532,3406,23740],"class_list":["post-79063","post","type-post","status-publish","format-standard","has-post-thumbnail","hentry","category-policial","tag-blog-do-edvaldo-magalhaes","tag-blog-mais-acessado-e-visualizado-de-caruaru-e-regiao","tag-caruaru","tag-identificado-jovem-que-foi-assassinado-a-tiros-em-caruaru"],"_links":{"self":[{"href":"https:\/\/blogdoedvaldomagalhaes.com.br\/index.php\/wp-json\/wp\/v2\/posts\/79063","targetHints":{"allow":["GET"]}}],"collection":[{"href":"https:\/\/blogdoedvaldomagalhaes.com.br\/index.php\/wp-json\/wp\/v2\/posts"}],"about":[{"href":"https:\/\/blogdoedvaldomagalhaes.com.br\/index.php\/wp-json\/wp\/v2\/types\/post"}],"author":[{"embeddable":true,"href":"https:\/\/blogdoedvaldomagalhaes.com.br\/index.php\/wp-json\/wp\/v2\/users\/1"}],"replies":[{"embeddable":true,"href":"https:\/\/blogdoedvaldomagalhaes.com.br\/index.php\/wp-json\/wp\/v2\/comments?post=79063"}],"version-history":[{"count":4,"href":"https:\/\/blogdoedvaldomagalhaes.com.br\/index.php\/wp-json\/wp\/v2\/posts\/79063\/revisions"}],"predecessor-version":[{"id":79070,"href":"https:\/\/blogdoedvaldomagalhaes.com.br\/index.php\/wp-json\/wp\/v2\/posts\/79063\/revisions\/79070"}],"wp:featuredmedia":[{"embeddable":true,"href":"https:\/\/blogdoedvaldomagalhaes.com.br\/index.php\/wp-json\/wp\/v2\/media\/79064"}],"wp:attachment":[{"href":"https:\/\/blogdoedvaldomagalhaes.com.br\/index.php\/wp-json\/wp\/v2\/media?parent=79063"}],"wp:term":[{"taxonomy":"category","embeddable":true,"href":"https:\/\/blogdoedvaldomagalhaes.com.br\/index.php\/wp-json\/wp\/v2\/categories?post=79063"},{"taxonomy":"post_tag","embeddable":true,"href":"https:\/\/blogdoedvaldomagalhaes.com.br\/index.php\/wp-json\/wp\/v2\/tags?post=79063"}],"curies":[{"name":"wp","href":"https:\/\/api.w.org\/{rel}","templated":true}]}}