{"id":7906,"date":"2016-10-24T02:46:00","date_gmt":"2016-10-24T04:46:00","guid":{"rendered":"http:\/\/blogdoedvaldomagalhaes.com.br\/index.php\/2016\/10\/24\/jovem-de-caruaru-que-estava-2\/"},"modified":"2019-02-09T01:03:48","modified_gmt":"2019-02-09T03:03:48","slug":"jovem-de-caruaru-que-estava-2","status":"publish","type":"post","link":"https:\/\/blogdoedvaldomagalhaes.com.br\/index.php\/2016\/10\/24\/jovem-de-caruaru-que-estava-2\/","title":{"rendered":"Jovem de Caruaru que estava desaparecido foi encontrado em Cupira"},"content":{"rendered":"<div class=\"separator\" style=\"clear: both; text-align: center;\">\n<a href=\"https:\/\/1.bp.blogspot.com\/-vlc3OrYxGrY\/WA11KEa3j0I\/AAAAAAAAIoo\/ru5HlG-SaL0JVTaY1IsLGPdC46JBs80AACLcB\/s1600\/rapaz.jpg\" imageanchor=\"1\" style=\"margin-left: 1em; margin-right: 1em;\"><img loading=\"lazy\" decoding=\"async\" border=\"0\" height=\"320\" src=\"http:\/\/blogdoedvaldomagalhaes.com.br\/wp-content\/uploads\/2016\/10\/rapaz-1.jpg\" width=\"204\" \/><\/a><\/div>\n<div class=\"separator\" style=\"background-color: white; clear: both; color: #333333; font-family: Arial, Tahoma, Helvetica, FreeSans, sans-serif; font-size: 14.85px; text-align: justify;\">\n<\/div>\n<div class=\"separator\" style=\"background-color: white; clear: both; color: #333333; font-family: Arial, Tahoma, Helvetica, FreeSans, sans-serif; font-size: 14.85px; text-align: justify;\">\nEsse rapaz estava desaparecido desde o \u00faltimo dia 12 de Outubro, e encontrado na cidade Cupira. o nome dele \u00e9 Erick Jos\u00e9 da Silva, conhecido popularmente por Gordo, tem 21 anos, mora em Barra de Taquara, zona rural de Caruaru. Ele \u00e9 doente intelectual, toma rem\u00e9dio controlado, e infelizmente algumas pessoas oferecem bebida alco\u00f3lica ao jovem. Na fam\u00edlia s\u00e3o tr\u00eas irm\u00e3os, todos s\u00e3o doentes intelectuais. A m\u00e3e \u00e9 vi\u00fava e estava desesperada com o sumi\u00e7o do filho.&nbsp;<\/div>\n<div class=\"separator\" style=\"background-color: white; clear: both; color: #333333; font-family: Arial, Tahoma, Helvetica, FreeSans, sans-serif; font-size: 14.85px; text-align: justify;\">\n<\/div>\n<div class=\"separator\" style=\"background-color: white; clear: both; color: #333333; font-size: 14.85px; text-align: justify;\">\nA equipe do Blog est\u00e1 muito feliz em ter ajudado na localiza\u00e7\u00e3o de Erick, &nbsp;e agradece em nome da fam\u00edlia a todas as pessoas que compartilharam e ajudaram na busca dele.&nbsp;<\/div>\n","protected":false},"excerpt":{"rendered":"<p>Esse rapaz estava desaparecido desde o \u00faltimo dia 12 de Outubro, e encontrado na cidade Cupira. o nome dele \u00e9&hellip;<\/p>\n","protected":false},"author":1,"featured_media":0,"comment_status":"open","ping_status":"open","sticky":false,"template":"","format":"standard","meta":{"footnotes":""},"categories":[1],"tags":[11570,2,11571,6],"class_list":["post-7906","post","type-post","status-publish","format-standard","hentry","category-sem-categoria","tag-barra-de-taquara","tag-blog-do-edvaldo-magalhaes","tag-jovem-de-caruaru-que-estava-desaparecido-foi-encontrado-em-cupira","tag-noticias"],"_links":{"self":[{"href":"https:\/\/blogdoedvaldomagalhaes.com.br\/index.php\/wp-json\/wp\/v2\/posts\/7906","targetHints":{"allow":["GET"]}}],"collection":[{"href":"https:\/\/blogdoedvaldomagalhaes.com.br\/index.php\/wp-json\/wp\/v2\/posts"}],"about":[{"href":"https:\/\/blogdoedvaldomagalhaes.com.br\/index.php\/wp-json\/wp\/v2\/types\/post"}],"author":[{"embeddable":true,"href":"https:\/\/blogdoedvaldomagalhaes.com.br\/index.php\/wp-json\/wp\/v2\/users\/1"}],"replies":[{"embeddable":true,"href":"https:\/\/blogdoedvaldomagalhaes.com.br\/index.php\/wp-json\/wp\/v2\/comments?post=7906"}],"version-history":[{"count":1,"href":"https:\/\/blogdoedvaldomagalhaes.com.br\/index.php\/wp-json\/wp\/v2\/posts\/7906\/revisions"}],"predecessor-version":[{"id":13491,"href":"https:\/\/blogdoedvaldomagalhaes.com.br\/index.php\/wp-json\/wp\/v2\/posts\/7906\/revisions\/13491"}],"wp:attachment":[{"href":"https:\/\/blogdoedvaldomagalhaes.com.br\/index.php\/wp-json\/wp\/v2\/media?parent=7906"}],"wp:term":[{"taxonomy":"category","embeddable":true,"href":"https:\/\/blogdoedvaldomagalhaes.com.br\/index.php\/wp-json\/wp\/v2\/categories?post=7906"},{"taxonomy":"post_tag","embeddable":true,"href":"https:\/\/blogdoedvaldomagalhaes.com.br\/index.php\/wp-json\/wp\/v2\/tags?post=7906"}],"curies":[{"name":"wp","href":"https:\/\/api.w.org\/{rel}","templated":true}]}}