{"id":7905,"date":"2016-10-24T03:26:00","date_gmt":"2016-10-24T05:26:00","guid":{"rendered":"http:\/\/blogdoedvaldomagalhaes.com.br\/index.php\/2016\/10\/24\/pesquisa-opiniaomago-aponta-empate\/"},"modified":"2019-02-09T01:03:49","modified_gmt":"2019-02-09T03:03:49","slug":"pesquisa-opiniaomago-aponta-empate","status":"publish","type":"post","link":"https:\/\/blogdoedvaldomagalhaes.com.br\/index.php\/2016\/10\/24\/pesquisa-opiniaomago-aponta-empate\/","title":{"rendered":"Pesquisa Opini\u00e3o\/Mago aponta empate disputa acirrada em Caruaru no 2\u00ba turno"},"content":{"rendered":"<div class=\"separator\" style=\"clear: both; text-align: center;\">\n<a href=\"https:\/\/1.bp.blogspot.com\/-S6-Fa_VXFFc\/WA198l4FSyI\/AAAAAAAAIo4\/t3nw1ROLgfICwsragIrefDgrd6FFD4WhgCLcB\/s1600\/tony.jpg\" imageanchor=\"1\" style=\"margin-left: 1em; margin-right: 1em;\"><img loading=\"lazy\" decoding=\"async\" border=\"0\" height=\"400\" src=\"http:\/\/blogdoedvaldomagalhaes.com.br\/wp-content\/uploads\/2016\/10\/tony-18.jpg\" width=\"309\" \/><\/a><\/div>\n<p><\/p>\n<div class=\"separator\" style=\"clear: both; text-align: center;\">\n<a href=\"https:\/\/1.bp.blogspot.com\/-L1Rqvi_dhKM\/WA19-cqaaTI\/AAAAAAAAIo8\/3bJq_C0Z2J402iBjIfC89-JH_johGeu9ACLcB\/s1600\/raqurel.jpg\" imageanchor=\"1\" style=\"margin-left: 1em; margin-right: 1em;\"><img loading=\"lazy\" decoding=\"async\" border=\"0\" height=\"240\" src=\"http:\/\/blogdoedvaldomagalhaes.com.br\/wp-content\/uploads\/2016\/10\/raqurel.jpg\" width=\"400\" \/><\/a><\/div>\n<div class=\"separator\" style=\"clear: both; text-align: center;\">\n<\/div>\n<div class=\"separator\" style=\"clear: both; text-align: left;\">\n<b>Todas as informa\u00e7\u00f5es abaixo s\u00e3o do Blog do Magno Martins<\/b><\/div>\n<div class=\"separator\" style=\"clear: both; text-align: left;\">\n<b><br \/><\/b><\/div>\n<div style=\"box-sizing: border-box; margin-bottom: 10px; text-align: justify;\">\nFaltando apenas sete dias para as elei\u00e7\u00f5es de segundo turno na corrida pela Prefeitura de Caruaru, o cen\u00e1rio \u00e9 de empate entre os candidatos do PMDB, Tony Gel, e do PSDB, Raquel Lyra. Numericamente, Tony aparece com menos de dois pontos \u00e0 frente, quadro de empate t\u00e9cnico. Se as elei\u00e7\u00f5es fossem hoje, o peemedebista teria 43,2% dos votos e a tucana 42,6%. Brancos e nulos somam 8,4% e indecisos 5,8%.<\/div>\n<div style=\"box-sizing: border-box; margin-bottom: 10px; text-align: justify;\">\nNa espont\u00e2nea, modelo pelo qual o entrevistado \u00e9 obrigado a lembrar do nome do seu candidato sem o aux\u00edlio do disco com os dois nomes, o quadro \u00e9 praticamente o mesmo, com leve aumento de vantagem, de pouco mais de dois pontos percentuais, para Tony. O candidato do PMDB aparece com 41,6% e a advers\u00e1ria tucana com 39,4%. Brancos e nulos representam 7,4% e indecisos sobem para 11,6%.<\/div>\n<div style=\"box-sizing: border-box; margin-bottom: 10px; text-align: justify;\">\nMas quando se trata de expectativa de vit\u00f3ria, 55% acham que Tony ser\u00e1 eleito e 25% acreditam na vit\u00f3ria de Raquel. Esse dado, tecnicamente, gera controv\u00e9rsias. \u00c9 como se os eleitores que, na estimulada, optaram pelo voto na tucana n\u00e3o acreditassem na capacidade dela de derrotar seu advers\u00e1rio. De qualquer forma, o levantamento bate com o do 6sigma, tamb\u00e9m da Para\u00edba, divulgado sexta-feira passada.<\/div>\n<div style=\"box-sizing: border-box; margin-bottom: 10px; text-align: justify;\">\nDa mesma forma, o 6sigma apontou disparate entre os n\u00fameros da estimulada e os de expectativa de vit\u00f3ria, em favor de Tony Gel. No quesito rejei\u00e7\u00e3o, Tony tem maior percentual. Entre os entrevistados, 37% disseram que n\u00e3o votariam de jeito nenhum no peemedebista, enquanto 32% afirmaram n\u00e3o votar na tucana. Ainda entre os entrevistados, 5,8% disseram que rejeitam ambos e 25,2% afirmaram que n\u00e3o rejeitam nenhum dos candidatos.<\/div>\n<div style=\"box-sizing: border-box; margin-bottom: 10px; text-align: justify;\">\nO Instituto aplicou 500 question\u00e1rios entre os dias 19 e 20 \u00faltimos na Agamenon Magalh\u00e3es, Alto do Moura, Boa Vista I e II, Cachoeira Seca, Caiuc\u00e1, Cedro, Centen\u00e1rio, Cidade Alta, Cidade Jardim, Divin\u00f3polis, Indian\u00f3polis, Inocoop, Jardim Panorama, Jo\u00e3o Mota, Jos\u00e9 Carlos de Oliveira, Jos\u00e9 Liberato, Ju\u00e1, Kennedy, Lajes, Luiz Gonzaga, Maria Auxiliadora, Maur\u00edcio de Nassau, Monte Bom Jesus, Murici, Nossa Senhora das Dores, Nova Caruaru, Petr\u00f3polis, Rafael, Rendeiras, Riach\u00e3o, Salgado, Santa Rosa, S\u00e3o Francisco, S\u00e3o Jo\u00e3o da Esc\u00f3cia, Terra Vermelha, Universit\u00e1rio, Vassoural e Vila Padre In\u00e1cio.<\/div>\n<div style=\"box-sizing: border-box; margin-bottom: 10px; text-align: justify;\">\nO intervalo de confian\u00e7a estimado \u00e9 de 95,0% e a margem de erro m\u00e1xima estimada \u00e9 de 4,4 pontos percentuais para mais ou para menos sobre os resultados encontrados no total da amostra. A modalidade de pesquisa adotada envolveu a t\u00e9cnica de Survey, que consiste na aplica\u00e7\u00e3o de question\u00e1rios estruturados e padronizados a uma amostra representativa do universo de investiga\u00e7\u00e3o. Foram realizadas entrevistas pessoais e domiciliares. A pesquisa est\u00e1 registrada sob o protocolo&nbsp;PE-08754\/2016.<\/div>\n<div style=\"box-sizing: border-box; margin-bottom: 10px; text-align: justify;\">\nEstratificando o levantamento, Tony Gel aparece melhor situado entre os eleitores com grau de instru\u00e7\u00e3o at\u00e9 a 5\u00aa s\u00e9rie (58,3%), entre os eleitores com renda familiar at\u00e9 dois sal\u00e1rios (50,5%) e entre os eleitores na faixa et\u00e1ria acima de 60 anos (54,2%). Suas menores taxas aparecem entre os eleitores com grau de instru\u00e7\u00e3o superior (29,5%), entre os eleitores com renda familiar acima de cinco sal\u00e1rios (33,3%) e entre os eleitores jovens, na faixa et\u00e1ria de 16 a 24 anos (37%). Por sexo, 44,4% dos seus eleitores s\u00e3o homens e 42,2% s\u00e3o mulheres.<\/div>\n<div style=\"box-sizing: border-box; margin-bottom: 10px; text-align: justify;\">\nJ\u00e1 Raquel Lyra aparece melhor situada entre os eleitores com grau de instru\u00e7\u00e3o superior (60,7%), entre os eleitores com renda familiar acima de cinco sal\u00e1rios (54%) e entre os eleitores jovens, na faixa et\u00e1ria de 16 a 24 anos (54,3%). Suas menores indica\u00e7\u00f5es de voto aparecem entre os eleitores com grau de instru\u00e7\u00e3o at\u00e9 a 5\u00aa s\u00e9rie (28,7%), entre os eleitores com renda familiar at\u00e9 dois sal\u00e1rios (36,6%) e entre os eleitores na faixa et\u00e1ria acima de 60 anos (34,7%). Por sexo, 43,5% dos seus eleitores s\u00e3o homens e 41,9% s\u00e3o mulheres.&nbsp;<\/div>\n","protected":false},"excerpt":{"rendered":"<p>Todas as informa\u00e7\u00f5es abaixo s\u00e3o do Blog do Magno Martins Faltando apenas sete dias para as elei\u00e7\u00f5es de segundo turno&hellip;<\/p>\n","protected":false},"author":1,"featured_media":0,"comment_status":"open","ping_status":"open","sticky":false,"template":"","format":"standard","meta":{"footnotes":""},"categories":[1],"tags":[2,11431,11569,4966,1951,1229,995],"class_list":["post-7905","post","type-post","status-publish","format-standard","hentry","category-sem-categoria","tag-blog-do-edvaldo-magalhaes","tag-eleicoes-2016","tag-pesquisa-opiniao-mago-aponta-empate-tecnico-no-2o-turno-em-caruaru","tag-pmdb","tag-psdb","tag-raquel-lyra","tag-tony-gel"],"_links":{"self":[{"href":"https:\/\/blogdoedvaldomagalhaes.com.br\/index.php\/wp-json\/wp\/v2\/posts\/7905","targetHints":{"allow":["GET"]}}],"collection":[{"href":"https:\/\/blogdoedvaldomagalhaes.com.br\/index.php\/wp-json\/wp\/v2\/posts"}],"about":[{"href":"https:\/\/blogdoedvaldomagalhaes.com.br\/index.php\/wp-json\/wp\/v2\/types\/post"}],"author":[{"embeddable":true,"href":"https:\/\/blogdoedvaldomagalhaes.com.br\/index.php\/wp-json\/wp\/v2\/users\/1"}],"replies":[{"embeddable":true,"href":"https:\/\/blogdoedvaldomagalhaes.com.br\/index.php\/wp-json\/wp\/v2\/comments?post=7905"}],"version-history":[{"count":1,"href":"https:\/\/blogdoedvaldomagalhaes.com.br\/index.php\/wp-json\/wp\/v2\/posts\/7905\/revisions"}],"predecessor-version":[{"id":13494,"href":"https:\/\/blogdoedvaldomagalhaes.com.br\/index.php\/wp-json\/wp\/v2\/posts\/7905\/revisions\/13494"}],"wp:attachment":[{"href":"https:\/\/blogdoedvaldomagalhaes.com.br\/index.php\/wp-json\/wp\/v2\/media?parent=7905"}],"wp:term":[{"taxonomy":"category","embeddable":true,"href":"https:\/\/blogdoedvaldomagalhaes.com.br\/index.php\/wp-json\/wp\/v2\/categories?post=7905"},{"taxonomy":"post_tag","embeddable":true,"href":"https:\/\/blogdoedvaldomagalhaes.com.br\/index.php\/wp-json\/wp\/v2\/tags?post=7905"}],"curies":[{"name":"wp","href":"https:\/\/api.w.org\/{rel}","templated":true}]}}