{"id":7904,"date":"2016-10-24T11:02:00","date_gmt":"2016-10-24T13:02:00","guid":{"rendered":"http:\/\/blogdoedvaldomagalhaes.com.br\/index.php\/2016\/10\/24\/cinco-pessoas-assassinadas-no-fim-de\/"},"modified":"2019-02-09T01:03:49","modified_gmt":"2019-02-09T03:03:49","slug":"cinco-pessoas-assassinadas-no-fim-de","status":"publish","type":"post","link":"https:\/\/blogdoedvaldomagalhaes.com.br\/index.php\/2016\/10\/24\/cinco-pessoas-assassinadas-no-fim-de\/","title":{"rendered":"Cinco pessoas assassinadas no fim de semana em Caruaru"},"content":{"rendered":"<div style=\"list-style: none; text-align: justify;\">\n<div class=\"separator\" style=\"clear: both; text-align: center;\">\n<a href=\"https:\/\/1.bp.blogspot.com\/-Bg7CIeFStbM\/WA3qfr99L0I\/AAAAAAAAIpY\/lONM-PuSEDcY1gaTsIallfuzF26SFTMcACLcB\/s1600\/policial.jpg\" imageanchor=\"1\" style=\"margin-left: 1em; margin-right: 1em;\"><img loading=\"lazy\" decoding=\"async\" border=\"0\" height=\"250\" src=\"http:\/\/blogdoedvaldomagalhaes.com.br\/wp-content\/uploads\/2016\/10\/policial.jpg\" width=\"400\" \/><\/a><\/div>\n<p>\nFim de semana marcado pela viol\u00eancia no munic\u00edpio de Caruaru, Agreste pernambucano. Cinco pessoas foram assassinadas. Um homic\u00eddio aconteceu na sexta, dois foram registrados no s\u00e1bado e dois no domingo.<\/div>\n<div style=\"line-height: normal; list-style: none; margin-bottom: 0.0001pt; text-align: justify;\">\n<\/div>\n<div style=\"line-height: normal; list-style: none; margin-bottom: 0.0001pt; text-align: justify;\">\nNa sexta (21), um andarilho foi encontrado morto na via local da BR-104. Maur\u00edcio J\u00fanior Cavalcante, 37 anos, foi morto com um tiro no pesco\u00e7o.<\/div>\n<div style=\"line-height: normal; list-style: none; margin-bottom: 0.0001pt; text-align: justify;\">\n<\/div>\n<div style=\"line-height: normal; list-style: none; margin-bottom: 0.0001pt; text-align: justify;\">\nNo s\u00e1bado (22), ocorreram dois homic\u00eddios. No S\u00edtio Po\u00e7o Dantas, um homem n\u00e3o identificado foi executado a tiros. No S\u00edtio Mata Negra, foi morto C\u00edcero Santino da Silva, 23 anos. Ele foi atingido com dez tiros.<\/div>\n<div style=\"line-height: normal; list-style: none; margin-bottom: 0.0001pt; text-align: justify;\">\n<\/div>\n<div style=\"line-height: normal; list-style: none; margin-bottom: 0.0001pt; text-align: justify;\">\nNa madrugada deste domingo (23), duas pessoas foram esfaqueadas no S\u00edtio Lajedo do Cedro e socorridas para o Hospital Regional do Agreste. Valdo Mendes da Silva, 38 anos, n\u00e3o resistiu e faleceu.<\/div>\n<div style=\"line-height: normal; list-style: none; margin-bottom: 0.0001pt; text-align: justify;\">\n<\/div>\n<div style=\"list-style: none; text-align: justify;\">\nO 5\u00ba homic\u00eddio aconteceu na tarde deste domingo, no S\u00edtio Dois Riachos. Natanael Quilo de Carvalho, 47 anos, foi morto com dois tiros dentro de um bar. Havia um mandado de pris\u00e3o em aberto contra a v\u00edtima por estupro de vulner\u00e1vel.<\/div>\n<div style=\"list-style: none; text-align: justify;\">\n<\/div>\n<div style=\"list-style: none; text-align: justify;\">\nEm outubro, 16 pessoas foram assassinadas em Caruaru. Em 2016, j\u00e1 s\u00e3o 179 homic\u00eddios.<\/div>\n<div style=\"list-style: none; text-align: justify;\">\n<\/div>\n<div style=\"list-style: none; text-align: justify;\">\nNo fim de semana, foram registrados 55 homic\u00eddios em Pernambuco, sendo 18 no Grande Recife e 37 no interior do Estado.<\/div>\n<div style=\"list-style: none; text-align: justify;\">\n<\/div>\n<div style=\"list-style: none; text-align: justify;\">\nCom informa\u00e7\u00f5es da R\u00e1dio Liberdade<\/div>\n","protected":false},"excerpt":{"rendered":"<p>Fim de semana marcado pela viol\u00eancia no munic\u00edpio de Caruaru, Agreste pernambucano. Cinco pessoas foram assassinadas. Um homic\u00eddio aconteceu na&hellip;<\/p>\n","protected":false},"author":1,"featured_media":0,"comment_status":"open","ping_status":"open","sticky":false,"template":"","format":"standard","meta":{"footnotes":""},"categories":[1],"tags":[2,11565,13,11566,11567,11568],"class_list":["post-7904","post","type-post","status-publish","format-standard","hentry","category-sem-categoria","tag-blog-do-edvaldo-magalhaes","tag-cinco-pessoas-assassinadas-no-fim-de-semana-em-caruaru","tag-policial","tag-sitio-dois-riachos","tag-sitio-lajedo-do-cedro","tag-sitio-poco-dantas"],"_links":{"self":[{"href":"https:\/\/blogdoedvaldomagalhaes.com.br\/index.php\/wp-json\/wp\/v2\/posts\/7904","targetHints":{"allow":["GET"]}}],"collection":[{"href":"https:\/\/blogdoedvaldomagalhaes.com.br\/index.php\/wp-json\/wp\/v2\/posts"}],"about":[{"href":"https:\/\/blogdoedvaldomagalhaes.com.br\/index.php\/wp-json\/wp\/v2\/types\/post"}],"author":[{"embeddable":true,"href":"https:\/\/blogdoedvaldomagalhaes.com.br\/index.php\/wp-json\/wp\/v2\/users\/1"}],"replies":[{"embeddable":true,"href":"https:\/\/blogdoedvaldomagalhaes.com.br\/index.php\/wp-json\/wp\/v2\/comments?post=7904"}],"version-history":[{"count":1,"href":"https:\/\/blogdoedvaldomagalhaes.com.br\/index.php\/wp-json\/wp\/v2\/posts\/7904\/revisions"}],"predecessor-version":[{"id":13496,"href":"https:\/\/blogdoedvaldomagalhaes.com.br\/index.php\/wp-json\/wp\/v2\/posts\/7904\/revisions\/13496"}],"wp:attachment":[{"href":"https:\/\/blogdoedvaldomagalhaes.com.br\/index.php\/wp-json\/wp\/v2\/media?parent=7904"}],"wp:term":[{"taxonomy":"category","embeddable":true,"href":"https:\/\/blogdoedvaldomagalhaes.com.br\/index.php\/wp-json\/wp\/v2\/categories?post=7904"},{"taxonomy":"post_tag","embeddable":true,"href":"https:\/\/blogdoedvaldomagalhaes.com.br\/index.php\/wp-json\/wp\/v2\/tags?post=7904"}],"curies":[{"name":"wp","href":"https:\/\/api.w.org\/{rel}","templated":true}]}}