{"id":790,"date":"2018-11-06T22:18:00","date_gmt":"2018-11-07T00:18:00","guid":{"rendered":"http:\/\/blogdoedvaldomagalhaes.com.br\/index.php\/2018\/11\/06\/sistema-de-alarmes-leva-prf-recuperar\/"},"modified":"2019-02-09T02:38:25","modified_gmt":"2019-02-09T04:38:25","slug":"sistema-de-alarmes-leva-prf-recuperar","status":"publish","type":"post","link":"https:\/\/blogdoedvaldomagalhaes.com.br\/index.php\/2018\/11\/06\/sistema-de-alarmes-leva-prf-recuperar\/","title":{"rendered":"Sistema de alarmes leva PRF a recuperar carro roubado em Caruaru"},"content":{"rendered":"<div class=\"separator\" style=\"clear: both; text-align: center;\">\n<a href=\"https:\/\/3.bp.blogspot.com\/-emiIKfixwEM\/W-ISidGKWRI\/AAAAAAAA9A4\/fMf_C3Vu8dQkqpHSor-pwmlDYohPoRxxQCLcBGAs\/s1600\/carro.jpeg\" imageanchor=\"1\" style=\"margin-left: 1em; margin-right: 1em;\"><img loading=\"lazy\" decoding=\"async\" border=\"0\" data-original-height=\"169\" data-original-width=\"300\" height=\"358\" src=\"http:\/\/blogdoedvaldomagalhaes.com.br\/wp-content\/uploads\/2018\/11\/carro.jpeg\" width=\"640\" \/><\/a><\/div>\n<p><\/p>\n<div style=\"text-align: justify;\">\nUm carro roubado na \u00faltima quinta-feira (1\u00ba) foi recuperado pela Pol\u00edcia Rodovi\u00e1ria Federal (PRF) no domingo (04), na BR-104, em Caruaru, no Agreste de Pernambuco. O ve\u00edculo foi encontrado com o aux\u00edlio do Sistema Nacional de Alarmes (SINAL), uma ferramenta que disponibiliza informa\u00e7\u00f5es sobre carros roubados de forma mais r\u00e1pida aos policiais.<\/div>\n<div style=\"text-align: justify;\">\n<\/div>\n<div style=\"text-align: justify;\">\nOs policiais rodovi\u00e1rios federais realizavam uma a\u00e7\u00e3o de combate ao crime da Opera\u00e7\u00e3o Sulanca, quando avistaram um carro abandonado pr\u00f3ximo ao Hospital Mestre Vitalino, que fica \u00e1s margens da rodovia. Ap\u00f3s um procedimento de identifica\u00e7\u00e3o veicular, foi constatado que se tratava de um ve\u00edculo roubado.<\/div>\n<div style=\"text-align: justify;\">\n<\/div>\n<div style=\"text-align: justify;\">\nNo mesmo dia, o propriet\u00e1rio foi contatado para reaver o ve\u00edculo, que n\u00e3o possu\u00eda seguro. Ele disse que havia sofrido um assalto em um estabelecimento comercial localizado no bairro Salgado, em Caruaru, e al\u00e9m de fazer o registro na Delegacia de Pol\u00edcia Civil, acessou o site da PRF e fez o registro no SINAL.<\/div>\n<div style=\"text-align: justify;\">\n<\/div>\n<div style=\"text-align: justify;\">\n<b>SINAL<\/b><\/div>\n<div style=\"text-align: justify;\">\n<\/div>\n<div style=\"text-align: justify;\">\nPara cadastrar casos de roubo ou furto de ve\u00edculos, as pessoas podem acessar o site www.prf.gov.br\/sinal e inserir informa\u00e7\u00f5es sobre o crime e as caracter\u00edsticas do autom\u00f3vel. De imediato, uma mensagem \u00e9 enviada para os celulares dos policiais que estejam mais pr\u00f3ximos da ocorr\u00eancia, para auxiliar na recupera\u00e7\u00e3o do ve\u00edculo. Vale ressaltar que o registro no sistema n\u00e3o substitui a confec\u00e7\u00e3o do Boletim de Ocorr\u00eancia na Pol\u00edcia Civil.<\/div>\n<div style=\"text-align: justify;\">\n<\/div>\n<div style=\"text-align: justify;\">\nFonte: Portal Agreste Violento.<\/div>\n<div style=\"text-align: justify;\">\n<\/div>\n","protected":false},"excerpt":{"rendered":"<p>Um carro roubado na \u00faltima quinta-feira (1\u00ba) foi recuperado pela Pol\u00edcia Rodovi\u00e1ria Federal (PRF) no domingo (04), na BR-104, em&hellip;<\/p>\n","protected":false},"author":1,"featured_media":0,"comment_status":"open","ping_status":"open","sticky":false,"template":"","format":"standard","meta":{"footnotes":""},"categories":[1],"tags":[2,13,733],"class_list":["post-790","post","type-post","status-publish","format-standard","hentry","category-sem-categoria","tag-blog-do-edvaldo-magalhaes","tag-policial","tag-sistema-de-alarmes-leva-prf-a-recuperar-carro-roubado-em-caruaru"],"_links":{"self":[{"href":"https:\/\/blogdoedvaldomagalhaes.com.br\/index.php\/wp-json\/wp\/v2\/posts\/790","targetHints":{"allow":["GET"]}}],"collection":[{"href":"https:\/\/blogdoedvaldomagalhaes.com.br\/index.php\/wp-json\/wp\/v2\/posts"}],"about":[{"href":"https:\/\/blogdoedvaldomagalhaes.com.br\/index.php\/wp-json\/wp\/v2\/types\/post"}],"author":[{"embeddable":true,"href":"https:\/\/blogdoedvaldomagalhaes.com.br\/index.php\/wp-json\/wp\/v2\/users\/1"}],"replies":[{"embeddable":true,"href":"https:\/\/blogdoedvaldomagalhaes.com.br\/index.php\/wp-json\/wp\/v2\/comments?post=790"}],"version-history":[{"count":1,"href":"https:\/\/blogdoedvaldomagalhaes.com.br\/index.php\/wp-json\/wp\/v2\/posts\/790\/revisions"}],"predecessor-version":[{"id":35571,"href":"https:\/\/blogdoedvaldomagalhaes.com.br\/index.php\/wp-json\/wp\/v2\/posts\/790\/revisions\/35571"}],"wp:attachment":[{"href":"https:\/\/blogdoedvaldomagalhaes.com.br\/index.php\/wp-json\/wp\/v2\/media?parent=790"}],"wp:term":[{"taxonomy":"category","embeddable":true,"href":"https:\/\/blogdoedvaldomagalhaes.com.br\/index.php\/wp-json\/wp\/v2\/categories?post=790"},{"taxonomy":"post_tag","embeddable":true,"href":"https:\/\/blogdoedvaldomagalhaes.com.br\/index.php\/wp-json\/wp\/v2\/tags?post=790"}],"curies":[{"name":"wp","href":"https:\/\/api.w.org\/{rel}","templated":true}]}}