{"id":7896,"date":"2016-10-25T09:27:00","date_gmt":"2016-10-25T11:27:00","guid":{"rendered":"http:\/\/blogdoedvaldomagalhaes.com.br\/index.php\/2016\/10\/25\/grupo-6-sigma-inicia-coleta-de-dados-da\/"},"modified":"2019-02-09T01:03:53","modified_gmt":"2019-02-09T03:03:53","slug":"grupo-6-sigma-inicia-coleta-de-dados-da","status":"publish","type":"post","link":"https:\/\/blogdoedvaldomagalhaes.com.br\/index.php\/2016\/10\/25\/grupo-6-sigma-inicia-coleta-de-dados-da\/","title":{"rendered":"Grupo 6 Sigma inicia coleta de dados da segunda pesquisa para prefeito em Caruaru"},"content":{"rendered":"<div class=\"separator\" style=\"clear: both; text-align: center;\">\n<a href=\"https:\/\/2.bp.blogspot.com\/-OTSOVD6nPsA\/WA8lYHZyPtI\/AAAAAAAAIrM\/xyx9_5HZh4Qjjj_paU_kh13eQPZkiWIogCLcB\/s1600\/6sigma.jpg\" imageanchor=\"1\" style=\"margin-left: 1em; margin-right: 1em;\"><img loading=\"lazy\" decoding=\"async\" border=\"0\" height=\"327\" src=\"http:\/\/blogdoedvaldomagalhaes.com.br\/wp-content\/uploads\/2016\/10\/6sigma.jpg\" width=\"400\" \/><\/a><\/div>\n<div style=\"text-align: justify;\">\n<\/div>\n<div style=\"text-align: justify;\">\nO Grupo 6 Sigma, em parceria com a R\u00e1dio Liberdade e outras emissoras, iniciou nesta segunda-feira (24) coleta de dados da 2\u00aa pesquisa para prefeito de Caruaru no 2\u00ba turno. At\u00e9 a pr\u00f3xima quinta-feira (27) ser\u00e3o entrevistadas 1.100 pessoas na cidade e zona rural.<\/div>\n<div style=\"text-align: justify;\">\n<\/div>\n<div style=\"text-align: justify;\">\nA pesquisa foi registrada no Tribunal Regional Eleitoral (TRE) sob o n\u00famero PE-01629\/2016. O resultado ser\u00e1 divulgado na sexta (28), a partir das 7h10, em rede de emissoras.<\/div>\n<div style=\"text-align: justify;\">\n<\/div>\n<div style=\"text-align: justify;\">\nDisputam a Prefeitura de Caruaru Tony Gel (PMDB) e Raquel Lyra (PSDB).<\/div>\n","protected":false},"excerpt":{"rendered":"<p>O Grupo 6 Sigma, em parceria com a R\u00e1dio Liberdade e outras emissoras, iniciou nesta segunda-feira (24) coleta de dados&hellip;<\/p>\n","protected":false},"author":1,"featured_media":0,"comment_status":"open","ping_status":"open","sticky":false,"template":"","format":"standard","meta":{"footnotes":""},"categories":[1],"tags":[2,11431,11547,1229,995,8671],"class_list":["post-7896","post","type-post","status-publish","format-standard","hentry","category-sem-categoria","tag-blog-do-edvaldo-magalhaes","tag-eleicoes-2016","tag-grupo-6-sigma-inicia-coleta-de-dados-da-segunda-pesquisa-para-prefeito-em-caruaru","tag-raquel-lyra","tag-tony-gel","tag-tre-pe"],"_links":{"self":[{"href":"https:\/\/blogdoedvaldomagalhaes.com.br\/index.php\/wp-json\/wp\/v2\/posts\/7896","targetHints":{"allow":["GET"]}}],"collection":[{"href":"https:\/\/blogdoedvaldomagalhaes.com.br\/index.php\/wp-json\/wp\/v2\/posts"}],"about":[{"href":"https:\/\/blogdoedvaldomagalhaes.com.br\/index.php\/wp-json\/wp\/v2\/types\/post"}],"author":[{"embeddable":true,"href":"https:\/\/blogdoedvaldomagalhaes.com.br\/index.php\/wp-json\/wp\/v2\/users\/1"}],"replies":[{"embeddable":true,"href":"https:\/\/blogdoedvaldomagalhaes.com.br\/index.php\/wp-json\/wp\/v2\/comments?post=7896"}],"version-history":[{"count":1,"href":"https:\/\/blogdoedvaldomagalhaes.com.br\/index.php\/wp-json\/wp\/v2\/posts\/7896\/revisions"}],"predecessor-version":[{"id":13512,"href":"https:\/\/blogdoedvaldomagalhaes.com.br\/index.php\/wp-json\/wp\/v2\/posts\/7896\/revisions\/13512"}],"wp:attachment":[{"href":"https:\/\/blogdoedvaldomagalhaes.com.br\/index.php\/wp-json\/wp\/v2\/media?parent=7896"}],"wp:term":[{"taxonomy":"category","embeddable":true,"href":"https:\/\/blogdoedvaldomagalhaes.com.br\/index.php\/wp-json\/wp\/v2\/categories?post=7896"},{"taxonomy":"post_tag","embeddable":true,"href":"https:\/\/blogdoedvaldomagalhaes.com.br\/index.php\/wp-json\/wp\/v2\/tags?post=7896"}],"curies":[{"name":"wp","href":"https:\/\/api.w.org\/{rel}","templated":true}]}}