{"id":7895,"date":"2016-10-25T21:55:00","date_gmt":"2016-10-25T23:55:00","guid":{"rendered":"http:\/\/blogdoedvaldomagalhaes.com.br\/index.php\/2016\/10\/25\/sistema-pirangi-vai-abastecer-dez\/"},"modified":"2019-02-09T01:03:53","modified_gmt":"2019-02-09T03:03:53","slug":"sistema-pirangi-vai-abastecer-dez","status":"publish","type":"post","link":"https:\/\/blogdoedvaldomagalhaes.com.br\/index.php\/2016\/10\/25\/sistema-pirangi-vai-abastecer-dez\/","title":{"rendered":"Sistema Pirangi vai abastecer dez cidades do Agreste a partir de Janeiro"},"content":{"rendered":"<div class=\"separator\" style=\"clear: both; text-align: center;\">\n<a href=\"https:\/\/2.bp.blogspot.com\/-lXn_ynxOnww\/WA_UqnkgkAI\/AAAAAAAAIr0\/GfLy45stEGwyRcfDHIlJS6tLuuYdNyIcwCLcB\/s1600\/paulo.jpg\" imageanchor=\"1\" style=\"margin-left: 1em; margin-right: 1em;\"><img loading=\"lazy\" decoding=\"async\" border=\"0\" height=\"221\" src=\"http:\/\/blogdoedvaldomagalhaes.com.br\/wp-content\/uploads\/2016\/10\/paulo-1.jpg\" width=\"400\" \/><\/a><\/div>\n<div style=\"color: #333333; font-family: &quot;Open Sans&quot;, sans-serif; font-size: 15px; list-style: none; text-align: justify;\">\n<\/div>\n<div style=\"color: #333333; font-family: &quot;Open Sans&quot;, sans-serif; font-size: 15px; list-style: none; text-align: justify;\">\nO governador Paulo C\u00e2mara visitou, nesta ter\u00e7a-feira (25), um dos canteiros da obra do Sistema Pirangi, localizado \u00e0s margens da PE-120, no munic\u00edpio de Catende, na Zona da Mata. O empreendimento \u00e9 uma&nbsp; das solu\u00e7\u00f5es&nbsp; encontradas pelo governo do estado para atender dez munic\u00edpios do Agreste, entre eles, Caruaru.<\/div>\n<div style=\"color: #333333; font-family: &quot;Open Sans&quot;, sans-serif; font-size: 15px; list-style: none; text-align: justify;\">\n&nbsp;<\/div>\n<div style=\"color: #333333; font-family: &quot;Open Sans&quot;, sans-serif; font-size: 15px; list-style: none; text-align: justify;\">\nO projeto&nbsp;est\u00e1 60% conclu\u00eddo e deve ficar pronto em janeiro de 2017, beneficiando mais de 800 mil pessoas. A visita foi acompanhada pelo secret\u00e1rio de Desenvolvimento Econ\u00f4mico, Thiago Nor\u00f5es e pelo presidente Compesa, Roberto Tavares. Antes de inspecionar as obras, o governador conversou&nbsp; com os oper\u00e1rios que&nbsp; estavam trabalhando no local.<\/div>\n<div style=\"color: #333333; font-family: &quot;Open Sans&quot;, sans-serif; font-size: 15px; list-style: none; text-align: justify;\">\n&nbsp;<\/div>\n<div style=\"color: #333333; font-family: &quot;Open Sans&quot;, sans-serif; font-size: 15px; list-style: none; text-align: justify;\">\nA obra \u00e9 um investimento de 60 milh\u00f5es de reais, recursos garantidos pelo conv\u00eanio assinado entre o Governo do Estado,&nbsp; Compesa&nbsp; e Banco Mundial.<\/div>\n","protected":false},"excerpt":{"rendered":"<p>O governador Paulo C\u00e2mara visitou, nesta ter\u00e7a-feira (25), um dos canteiros da obra do Sistema Pirangi, localizado \u00e0s margens da&hellip;<\/p>\n","protected":false},"author":1,"featured_media":0,"comment_status":"open","ping_status":"open","sticky":false,"template":"","format":"standard","meta":{"footnotes":""},"categories":[1],"tags":[2,4225,6,999,2054,11545,11546],"class_list":["post-7895","post","type-post","status-publish","format-standard","hentry","category-sem-categoria","tag-blog-do-edvaldo-magalhaes","tag-catende","tag-noticias","tag-paulo-camara","tag-roberto-tavares","tag-sistema-pirangi-vai-abastecer-dez-cidades-do-agreste-a-partir-de-janeiro","tag-thiago-noroes"],"_links":{"self":[{"href":"https:\/\/blogdoedvaldomagalhaes.com.br\/index.php\/wp-json\/wp\/v2\/posts\/7895","targetHints":{"allow":["GET"]}}],"collection":[{"href":"https:\/\/blogdoedvaldomagalhaes.com.br\/index.php\/wp-json\/wp\/v2\/posts"}],"about":[{"href":"https:\/\/blogdoedvaldomagalhaes.com.br\/index.php\/wp-json\/wp\/v2\/types\/post"}],"author":[{"embeddable":true,"href":"https:\/\/blogdoedvaldomagalhaes.com.br\/index.php\/wp-json\/wp\/v2\/users\/1"}],"replies":[{"embeddable":true,"href":"https:\/\/blogdoedvaldomagalhaes.com.br\/index.php\/wp-json\/wp\/v2\/comments?post=7895"}],"version-history":[{"count":1,"href":"https:\/\/blogdoedvaldomagalhaes.com.br\/index.php\/wp-json\/wp\/v2\/posts\/7895\/revisions"}],"predecessor-version":[{"id":13514,"href":"https:\/\/blogdoedvaldomagalhaes.com.br\/index.php\/wp-json\/wp\/v2\/posts\/7895\/revisions\/13514"}],"wp:attachment":[{"href":"https:\/\/blogdoedvaldomagalhaes.com.br\/index.php\/wp-json\/wp\/v2\/media?parent=7895"}],"wp:term":[{"taxonomy":"category","embeddable":true,"href":"https:\/\/blogdoedvaldomagalhaes.com.br\/index.php\/wp-json\/wp\/v2\/categories?post=7895"},{"taxonomy":"post_tag","embeddable":true,"href":"https:\/\/blogdoedvaldomagalhaes.com.br\/index.php\/wp-json\/wp\/v2\/tags?post=7895"}],"curies":[{"name":"wp","href":"https:\/\/api.w.org\/{rel}","templated":true}]}}