{"id":789,"date":"2018-11-07T00:46:00","date_gmt":"2018-11-07T02:46:00","guid":{"rendered":"http:\/\/blogdoedvaldomagalhaes.com.br\/index.php\/2018\/11\/07\/rocam-recupera-carro-clonado-em-caruaru\/"},"modified":"2019-02-09T02:38:25","modified_gmt":"2019-02-09T04:38:25","slug":"rocam-recupera-carro-clonado-em-caruaru","status":"publish","type":"post","link":"https:\/\/blogdoedvaldomagalhaes.com.br\/index.php\/2018\/11\/07\/rocam-recupera-carro-clonado-em-caruaru\/","title":{"rendered":"ROCAM recupera carro clonado em Caruaru"},"content":{"rendered":"<div class=\"separator\" style=\"clear: both; text-align: center;\">\n<a href=\"https:\/\/2.bp.blogspot.com\/-UGWPgVe9334\/W-IxPRRNS8I\/AAAAAAAA9BI\/hMWhKxjiUZc0vwh709zX7bES8nAx11HLQCLcBGAs\/s1600\/IMG-20181106-WA0146.jpg\" imageanchor=\"1\" style=\"margin-left: 1em; margin-right: 1em;\"><img loading=\"lazy\" decoding=\"async\" border=\"0\" data-original-height=\"520\" data-original-width=\"1040\" height=\"320\" src=\"http:\/\/blogdoedvaldomagalhaes.com.br\/wp-content\/uploads\/2018\/11\/IMG-20181106-WA0146.jpg\" width=\"640\" \/><\/a><\/div>\n<p><\/p>\n<div style=\"text-align: justify;\">\nNesta ter\u00e7a-feira (06), a RC 4540 recebeu informa\u00e7\u00e3o do sd C\u00e9sar, que nas proximidades da Ceaca se encontrava um veiculo Corsa, que teria sido roubado um m\u00eas atr\u00e1s, e&nbsp; que o dono do veiculo estava visualizando o carro.&nbsp;<\/p>\n<div class=\"separator\" style=\"clear: both; text-align: center;\">\n<a href=\"https:\/\/2.bp.blogspot.com\/-RMbS0ZvQBJw\/W-LB3iSVUoI\/AAAAAAAA9CU\/MifBROR7HscQ4R8HO3kCSx5AcrncloWIwCLcBGAs\/s1600\/1.jpg\" imageanchor=\"1\" style=\"margin-left: 1em; margin-right: 1em;\"><img loading=\"lazy\" decoding=\"async\" border=\"0\" data-original-height=\"480\" data-original-width=\"960\" height=\"320\" src=\"http:\/\/blogdoedvaldomagalhaes.com.br\/wp-content\/uploads\/2018\/11\/1-1.jpg\" width=\"640\" \/><\/a><\/div>\n<p>\nDiante dos fatos os policiais foram o local fizeram a revista no veiculo, constatando que o chassi da parte interna estava raspado, mais que a numera\u00e7\u00e3o dos vidros batiam com a da placa que se encontrava no veiculo (KLF-1195). Diante do fatos o veiculo foi condizido para a Delegacia de Plant\u00e3o para serem tomadas as medidas cab\u00edveis.<\/div>\n<div style=\"text-align: justify;\">\n<\/p>\n<div class=\"separator\" style=\"clear: both; text-align: center;\">\n<a href=\"https:\/\/2.bp.blogspot.com\/-DaIweTaKDPY\/W-LCWI9ndGI\/AAAAAAAA9Cg\/irmxCyGDQnkwe5I08YHR5PIyFmxSLQ8GgCLcBGAs\/s1600\/2.jpg\" imageanchor=\"1\" style=\"margin-left: 1em; margin-right: 1em;\"><img loading=\"lazy\" decoding=\"async\" border=\"0\" data-original-height=\"639\" data-original-width=\"960\" height=\"424\" src=\"http:\/\/blogdoedvaldomagalhaes.com.br\/wp-content\/uploads\/2018\/11\/2.jpg\" width=\"640\" \/><\/a><\/div>\n<p><\/div>\n<div style=\"text-align: justify;\">\n*Efetivo:*<\/div>\n<div style=\"text-align: justify;\">\n*CB barreto*<\/div>\n<div style=\"text-align: justify;\">\n*SD inacio*<\/div>\n<div style=\"text-align: justify;\">\n*SD lima neto*<\/div>\n<div style=\"text-align: justify;\">\n<\/div>\n<div style=\"text-align: justify;\">\n*TC. PM. MENEZES*<\/div>\n<div style=\"text-align: justify;\">\n&nbsp; &nbsp;Cmt do 1\u00b0 BIEsp<\/div>\n<div style=\"text-align: justify;\">\n<\/div>\n","protected":false},"excerpt":{"rendered":"<p>Nesta ter\u00e7a-feira (06), a RC 4540 recebeu informa\u00e7\u00e3o do sd C\u00e9sar, que nas proximidades da Ceaca se encontrava um veiculo&hellip;<\/p>\n","protected":false},"author":1,"featured_media":0,"comment_status":"open","ping_status":"open","sticky":false,"template":"","format":"standard","meta":{"footnotes":""},"categories":[1],"tags":[2,13,732],"class_list":["post-789","post","type-post","status-publish","format-standard","hentry","category-sem-categoria","tag-blog-do-edvaldo-magalhaes","tag-policial","tag-rocam-recupera-carro-clonado-em-caruaru"],"_links":{"self":[{"href":"https:\/\/blogdoedvaldomagalhaes.com.br\/index.php\/wp-json\/wp\/v2\/posts\/789","targetHints":{"allow":["GET"]}}],"collection":[{"href":"https:\/\/blogdoedvaldomagalhaes.com.br\/index.php\/wp-json\/wp\/v2\/posts"}],"about":[{"href":"https:\/\/blogdoedvaldomagalhaes.com.br\/index.php\/wp-json\/wp\/v2\/types\/post"}],"author":[{"embeddable":true,"href":"https:\/\/blogdoedvaldomagalhaes.com.br\/index.php\/wp-json\/wp\/v2\/users\/1"}],"replies":[{"embeddable":true,"href":"https:\/\/blogdoedvaldomagalhaes.com.br\/index.php\/wp-json\/wp\/v2\/comments?post=789"}],"version-history":[{"count":1,"href":"https:\/\/blogdoedvaldomagalhaes.com.br\/index.php\/wp-json\/wp\/v2\/posts\/789\/revisions"}],"predecessor-version":[{"id":35575,"href":"https:\/\/blogdoedvaldomagalhaes.com.br\/index.php\/wp-json\/wp\/v2\/posts\/789\/revisions\/35575"}],"wp:attachment":[{"href":"https:\/\/blogdoedvaldomagalhaes.com.br\/index.php\/wp-json\/wp\/v2\/media?parent=789"}],"wp:term":[{"taxonomy":"category","embeddable":true,"href":"https:\/\/blogdoedvaldomagalhaes.com.br\/index.php\/wp-json\/wp\/v2\/categories?post=789"},{"taxonomy":"post_tag","embeddable":true,"href":"https:\/\/blogdoedvaldomagalhaes.com.br\/index.php\/wp-json\/wp\/v2\/tags?post=789"}],"curies":[{"name":"wp","href":"https:\/\/api.w.org\/{rel}","templated":true}]}}