{"id":7875,"date":"2016-10-27T15:21:00","date_gmt":"2016-10-27T17:21:00","guid":{"rendered":"http:\/\/blogdoedvaldomagalhaes.com.br\/index.php\/2016\/10\/27\/estudantes-realizam-protesto-contra-pec\/"},"modified":"2019-02-09T01:04:06","modified_gmt":"2019-02-09T03:04:06","slug":"estudantes-realizam-protesto-contra-pec","status":"publish","type":"post","link":"https:\/\/blogdoedvaldomagalhaes.com.br\/index.php\/2016\/10\/27\/estudantes-realizam-protesto-contra-pec\/","title":{"rendered":"Estudantes realizam protesto contra PEC em Caruaru"},"content":{"rendered":"<div class=\"separator\" style=\"clear: both; text-align: center;\">\n<a href=\"https:\/\/2.bp.blogspot.com\/-wmZmzrdHP3Q\/WBIbOTWFBYI\/AAAAAAAAIwk\/zggTm-IQjR4WejX81inpb4eiJFJGQ2rzACLcB\/s1600\/uesc.jpg\" imageanchor=\"1\" style=\"margin-left: 1em; margin-right: 1em;\"><img loading=\"lazy\" decoding=\"async\" border=\"0\" height=\"243\" src=\"http:\/\/blogdoedvaldomagalhaes.com.br\/wp-content\/uploads\/2016\/10\/uesc.jpg\" width=\"400\" \/><\/a><\/div>\n<div style=\"list-style: none; text-align: justify;\">\n<\/div>\n<div style=\"list-style: none; text-align: justify;\">\nUm grupo de estudantes decidiu realizar um protesto na manh\u00e3 desta quinta-feira (27), em Caruaru, Agreste pernambucano, contra a Proposta de Emenda Constitucional (PEC) 241. Os manifestantes se reuniram no Espa\u00e7o Major Clementino, no centro da cidade. Eles tamb\u00e9m amea\u00e7am ocupar institui\u00e7\u00f5es de ensino.<\/div>\n<div style=\"list-style: none; text-align: justify;\">\n&nbsp;<\/div>\n<div style=\"list-style: none; text-align: justify;\">\nA PEC foi aprovada na C\u00e2mara dos Deputados e seguiu para o Senado, onde ser\u00e1 votada em novembro. Ela congela por 20 anos os gastos p\u00fablicos com sa\u00fade, universidades e escolas p\u00fablicas.<\/div>\n","protected":false},"excerpt":{"rendered":"<p>Um grupo de estudantes decidiu realizar um protesto na manh\u00e3 desta quinta-feira (27), em Caruaru, Agreste pernambucano, contra a Proposta&hellip;<\/p>\n","protected":false},"author":1,"featured_media":0,"comment_status":"open","ping_status":"open","sticky":false,"template":"","format":"standard","meta":{"footnotes":""},"categories":[1],"tags":[2,8546,8823,11507,6,11508],"class_list":["post-7875","post","type-post","status-publish","format-standard","hentry","category-sem-categoria","tag-blog-do-edvaldo-magalhaes","tag-camara-dos-deputados","tag-espaco-major-clementino","tag-estudantes-realizam-protesto-contra-pec-em-caruaru","tag-noticias","tag-proposta-de-emenda-constitucional"],"_links":{"self":[{"href":"https:\/\/blogdoedvaldomagalhaes.com.br\/index.php\/wp-json\/wp\/v2\/posts\/7875","targetHints":{"allow":["GET"]}}],"collection":[{"href":"https:\/\/blogdoedvaldomagalhaes.com.br\/index.php\/wp-json\/wp\/v2\/posts"}],"about":[{"href":"https:\/\/blogdoedvaldomagalhaes.com.br\/index.php\/wp-json\/wp\/v2\/types\/post"}],"author":[{"embeddable":true,"href":"https:\/\/blogdoedvaldomagalhaes.com.br\/index.php\/wp-json\/wp\/v2\/users\/1"}],"replies":[{"embeddable":true,"href":"https:\/\/blogdoedvaldomagalhaes.com.br\/index.php\/wp-json\/wp\/v2\/comments?post=7875"}],"version-history":[{"count":1,"href":"https:\/\/blogdoedvaldomagalhaes.com.br\/index.php\/wp-json\/wp\/v2\/posts\/7875\/revisions"}],"predecessor-version":[{"id":13559,"href":"https:\/\/blogdoedvaldomagalhaes.com.br\/index.php\/wp-json\/wp\/v2\/posts\/7875\/revisions\/13559"}],"wp:attachment":[{"href":"https:\/\/blogdoedvaldomagalhaes.com.br\/index.php\/wp-json\/wp\/v2\/media?parent=7875"}],"wp:term":[{"taxonomy":"category","embeddable":true,"href":"https:\/\/blogdoedvaldomagalhaes.com.br\/index.php\/wp-json\/wp\/v2\/categories?post=7875"},{"taxonomy":"post_tag","embeddable":true,"href":"https:\/\/blogdoedvaldomagalhaes.com.br\/index.php\/wp-json\/wp\/v2\/tags?post=7875"}],"curies":[{"name":"wp","href":"https:\/\/api.w.org\/{rel}","templated":true}]}}