{"id":78727,"date":"2021-12-23T12:18:30","date_gmt":"2021-12-23T15:18:30","guid":{"rendered":"https:\/\/blogdoedvaldomagalhaes.com.br\/?p=78727"},"modified":"2021-12-23T12:18:32","modified_gmt":"2021-12-23T15:18:32","slug":"jantar-beneficente-com-padre-fabio-de-melo-arrecada-r-234-mil-para-causa-de-beatificacao-de-dom-helder-camara","status":"publish","type":"post","link":"https:\/\/blogdoedvaldomagalhaes.com.br\/index.php\/2021\/12\/23\/jantar-beneficente-com-padre-fabio-de-melo-arrecada-r-234-mil-para-causa-de-beatificacao-de-dom-helder-camara\/","title":{"rendered":"Jantar beneficente com padre F\u00e1bio de Melo arrecada R$ 234 mil para causa de beatifica\u00e7\u00e3o de Dom H\u00e9lder C\u00e2mara"},"content":{"rendered":"<p style=\"text-align: justify;\">Valor foi obtido com a venda de ingressos para o jantar e leil\u00e3o de artigos religiosos; recursos foram repassados \u00e0 Arquidiocese de Olinda e Recife.<\/p>\n<p style=\"text-align: justify;\">Os eventos sociais da Obra de Maria no \u00faltimo fim de semana, em comemora\u00e7\u00e3o aos 32 anos da comunidade cat\u00f3lica, deixaram um grande saldo positivo entre arrecada\u00e7\u00e3o com ingressos, leil\u00e3o de artigos religiosos e doa\u00e7\u00e3o via portal solid\u00e1rio. Apenas no jantar musical beneficente com o padre F\u00e1bio de Melo, realizado no Blue Angel Recep\u00e7\u00f5es, na Madalena, R$ 234 mil foram arrecadados. O valor foi repassado \u00e0 Arquidiocese de Olinda e Recife para bancar os custos administrativos da causa da beatifica\u00e7\u00e3o de Dom H\u00e9lder C\u00e2mara.<\/p>\n<p style=\"text-align: justify;\">Parte do valor arrecadado no jantar musical (cerca de R$ 130 mil) foi proveniente de leil\u00e3o realizado no local, ap\u00f3s apresenta\u00e7\u00e3o da Orquestra Crian\u00e7a Cidad\u00e3 (OCC). Foram leiloados entre o p\u00fablico presente no local artigos religiosos e imagens seculares, como de Santo Ant\u00f4nio, Menino Jesus e Santa Luzia. \u201cMais uma oportunidade de colaborar com as a\u00e7\u00f5es sociais da Obra de Maria. Ficamos muito felizes com todos que, diante do contexto, se esfor\u00e7aram para estar presentes\u201d, comentou Gilberto Barbosa, fundador da Obra de Maria.<\/p>\n<p style=\"text-align: justify;\">No evento no Gerald\u00e3o, realizado no domingo, os apoiadores fizeram grandes contribui\u00e7\u00f5es para a comunidade: a Kicaldo doou 3 toneladas de alimentos e, o Novo Atacarejo, 2 mil cestas b\u00e1sicas. Os alimentos ser\u00e3o distribu\u00eddos entre a popula\u00e7\u00e3o socialmente vulner\u00e1vel de Recife e Regi\u00e3o Metropolitana no per\u00edodo do Natal, al\u00e9m de em algumas cidades do interior, onde h\u00e1 filiais da Obra de Maria. Outras institui\u00e7\u00f5es parceiras da Obra de Maria, como associa\u00e7\u00f5es de moradores e igrejas, tamb\u00e9m ser\u00e3o beneficiadas.<\/p>\n<p style=\"text-align: justify;\"><strong>Portal Solid\u00e1rio<\/strong><\/p>\n<p style=\"text-align: justify;\">O evento do domingo, em comemora\u00e7\u00e3o aos 32 anos da Obra de Maria, teve um diferencial para facilitar as doa\u00e7\u00f5es, o Portal Solid\u00e1rio. Trata-se de uma plataforma pensada para possibilitar a arrecada\u00e7\u00e3o de doa\u00e7\u00f5es de forma digital, atrav\u00e9s de um QR Code dispon\u00edvel em alguns pontos no Gerald\u00e3o, que direcionavam para o espa\u00e7o da organiza\u00e7\u00e3o no Portal Solid\u00e1rio, o https:\/\/obrademaria.portalsolidario.com.br\/.O link continua funcionando e dispon\u00edvel para realiza\u00e7\u00e3o de doa\u00e7\u00f5es. \u00c9 poss\u00edvel doar cestas b\u00e1sicas, kits de limpeza, fraldas e alimentos, entre outros itens. Todos os donativos arrecadados ser\u00e3o destinados aos projetos da Obra.<\/p>\n<p style=\"text-align: justify;\">Desenvolvido por Maicon Oliveira, Mikael Oliveira e Maur\u00edcio Soares, o Portal Solid\u00e1rio \u00e9 o primeiro marketplace do terceiro setor do Brasil, onde as doa\u00e7\u00f5es para as entidades s\u00e3o feitas em produtos, em vez de em dinheiro. O site j\u00e1 conta com mais de 170 ONGs cadastradas, e cada uma delas conta com seu pr\u00f3prio ponto de arrecada\u00e7\u00e3o virtual na plataforma. Os produtos doados possuem pre\u00e7o de mercado, e n\u00e3o \u00e9 cobrada taxa de entrega.<\/p>\n<p style=\"text-align: justify;\"><strong>Rela\u00e7\u00e3o paternal<\/strong><\/p>\n<p style=\"text-align: justify;\">O padre F\u00e1bio de Melo, grande atra\u00e7\u00e3o dos eventos da Obra de Maria de 2021, exerce um trabalho muito importante na comunidade. Al\u00e9m de participar dos eventos pro bono sempre que \u00e9 convidado, pensando nas causas sociais, realiza peregrina\u00e7\u00f5es religiosas com a comunidade.<\/p>\n<p style=\"text-align: justify;\">As peregrina\u00e7\u00f5es t\u00eam o objetivo de levar as pessoas aos lugares santos e, assim, proporcionar uma experi\u00eancia de f\u00e9 a todos, realizando um encontro pessoal de Deus com cada um de seus filhos. Atrav\u00e9s de ag\u00eancias de viagens parceiras, a evangeliza\u00e7\u00e3o acontece por meio das peregrina\u00e7\u00f5es nacionais e internacionais, cedendo os mission\u00e1rios para acompanharem os grupos de viagens.\u201dDesta forma, promovemos a espiritualidade e possibilitamos a\u00e7\u00f5es sociais pelo mundo\u201d, explica Gilberto Barbosa, fundador da Obra de Maria.<\/p>\n<p style=\"text-align: justify;\">Todas as peregrina\u00e7\u00f5es s\u00e3o realizadas a partir de ag\u00eancias de viagens parceiras que t\u00eam o mesmo objetivo de evangelizar e oferecem um pre\u00e7o mais acess\u00edvel para facilitar assim a realiza\u00e7\u00e3o de seu sonho de conhecer os lugares santos. Parte do lucro obtido \u00e9 revertido para as obras sociais da Comunidade Obra de Maria, ajudando a realizar diversos projetos sociais pelo mundo.<\/p>\n<p style=\"text-align: justify;\">O padre F\u00e1bio de Melo foi o primeiro padre a confirmar participa\u00e7\u00e3o nas peregrina\u00e7\u00f5es religiosas da Obra de Maria na retomada da pandemia. Houve grupos de viagens para Sui\u00e7a, Fran\u00e7a e M\u00e9xico. De acordo com Gilberto Barbosa, fundador da Obra de Maria, em fevereiro de 2021, um novo grupo ir\u00e1 para Portugal, com a presen\u00e7a do padre F\u00e1bio. Tamb\u00e9m j\u00e1 h\u00e1 outras peregrina\u00e7\u00f5es programadas para 2022, que podem ser conferidas no site da Obra de Maria (https:\/\/www.obrademariaperegrinacoes.com.br\/). \u201cMe senti t\u00e3o feliz de ser o primeiro padre a retomar as peregrina\u00e7\u00f5es depois de um per\u00edodo longo, porque eu sei que elas s\u00e3o importantes para a Obra de Maria. Al\u00e9m do bem espiritual que causa para as pessoas que viajam, \u00e9 um bem financeiro para as comunidades na \u00c1frica, assistidas pela Obra de Maria\u201d, comentou o padre F\u00e1bio.<\/p>\n<p style=\"text-align: justify;\">Durante coletiva de imprensa, Padre F\u00e1bio exaltou a simbologia das miss\u00f5es que a Obra de Maria promove no Brasil e no exterior. \u201cPara mim \u00e9 muito significativo estar aqui hoje, principalmente depois de dois anos. A miss\u00e3o da Obra de uma forma \u00e9 minha tamb\u00e9m e eu me sinto muito feliz de estar aqui no Recife, onde comecei meus primeiros trabalhos com a m\u00fasica\u201d, lembra.<\/p>\n<p style=\"text-align: justify;\">Padre F\u00e1bio, que completa 20 anos de sacerd\u00f3cio neste ano, ressaltou tamb\u00e9m a import\u00e2ncia do trabalho da Obra de Maria em sua vida, relembrando o momento em que conheceu Gilberto Barbosa, fundador da comunidade. \u201cEu agrade\u00e7o todos os dias por ter conhecido a Obra de Maria. Meu primeiro contato com Gilberto foi dif\u00edcil, com depress\u00e3o. Quando fui entender o trabalho da Obra, descobri quem \u00e9 Gilberto. Hoje posso dizer que tenho um pai que cuida de mim, que me ajuda a viver. \u00c9 um grande companheiro\u201d, conclui.<\/p>\n","protected":false},"excerpt":{"rendered":"<p>Valor foi obtido com a venda de ingressos para o jantar e leil\u00e3o de artigos religiosos; recursos foram repassados \u00e0&hellip;<\/p>\n","protected":false},"author":1,"featured_media":78728,"comment_status":"open","ping_status":"open","sticky":false,"template":"","format":"standard","meta":{"footnotes":""},"categories":[14120],"tags":[2,19532,3406,23669],"class_list":["post-78727","post","type-post","status-publish","format-standard","has-post-thumbnail","hentry","category-noticias","tag-blog-do-edvaldo-magalhaes","tag-blog-mais-acessado-e-visualizado-de-caruaru-e-regiao","tag-caruaru","tag-jantar-beneficente-com-padre-fabio-de-melo-arrecada-r-234-mil-para-causa-de-beatificacao-de-dom-helder-camara"],"_links":{"self":[{"href":"https:\/\/blogdoedvaldomagalhaes.com.br\/index.php\/wp-json\/wp\/v2\/posts\/78727","targetHints":{"allow":["GET"]}}],"collection":[{"href":"https:\/\/blogdoedvaldomagalhaes.com.br\/index.php\/wp-json\/wp\/v2\/posts"}],"about":[{"href":"https:\/\/blogdoedvaldomagalhaes.com.br\/index.php\/wp-json\/wp\/v2\/types\/post"}],"author":[{"embeddable":true,"href":"https:\/\/blogdoedvaldomagalhaes.com.br\/index.php\/wp-json\/wp\/v2\/users\/1"}],"replies":[{"embeddable":true,"href":"https:\/\/blogdoedvaldomagalhaes.com.br\/index.php\/wp-json\/wp\/v2\/comments?post=78727"}],"version-history":[{"count":1,"href":"https:\/\/blogdoedvaldomagalhaes.com.br\/index.php\/wp-json\/wp\/v2\/posts\/78727\/revisions"}],"predecessor-version":[{"id":78729,"href":"https:\/\/blogdoedvaldomagalhaes.com.br\/index.php\/wp-json\/wp\/v2\/posts\/78727\/revisions\/78729"}],"wp:featuredmedia":[{"embeddable":true,"href":"https:\/\/blogdoedvaldomagalhaes.com.br\/index.php\/wp-json\/wp\/v2\/media\/78728"}],"wp:attachment":[{"href":"https:\/\/blogdoedvaldomagalhaes.com.br\/index.php\/wp-json\/wp\/v2\/media?parent=78727"}],"wp:term":[{"taxonomy":"category","embeddable":true,"href":"https:\/\/blogdoedvaldomagalhaes.com.br\/index.php\/wp-json\/wp\/v2\/categories?post=78727"},{"taxonomy":"post_tag","embeddable":true,"href":"https:\/\/blogdoedvaldomagalhaes.com.br\/index.php\/wp-json\/wp\/v2\/tags?post=78727"}],"curies":[{"name":"wp","href":"https:\/\/api.w.org\/{rel}","templated":true}]}}