{"id":78719,"date":"2021-12-22T19:43:11","date_gmt":"2021-12-22T22:43:11","guid":{"rendered":"https:\/\/blogdoedvaldomagalhaes.com.br\/?p=78719"},"modified":"2021-12-22T19:43:12","modified_gmt":"2021-12-22T22:43:12","slug":"fagner-cobra-atencao-da-prefeitura-as-demandas-dos-vereadores-de-oposicao","status":"publish","type":"post","link":"https:\/\/blogdoedvaldomagalhaes.com.br\/index.php\/2021\/12\/22\/fagner-cobra-atencao-da-prefeitura-as-demandas-dos-vereadores-de-oposicao\/","title":{"rendered":"Fagner cobra aten\u00e7\u00e3o da prefeitura as demandas dos vereadores de oposi\u00e7\u00e3o"},"content":{"rendered":"<p style=\"text-align: justify;\">Durante discurso na tribuna na Sess\u00e3o Plen\u00e1ria dessa ter\u00e7a-feira (21), o vereador e l\u00edder da oposi\u00e7\u00e3o na C\u00e2mara, Fagner Fernandes (PDT), destacou a falta de aten\u00e7\u00e3o da gest\u00e3o municipal com as demandas apresentadas pelos vereadores que fazem parte da bancada oposicionista.<\/p>\n<p style=\"text-align: justify;\">Segundo o parlamentar, tem sido uma tarefa dif\u00edcil falar com os secret\u00e1rios do munic\u00edpio. &#8220;Nossas liga\u00e7\u00f5es n\u00e3o s\u00e3o atendidas. Quando precisamos marcar audi\u00eancia com alguns secret\u00e1rios, \u00e9 necess\u00e1rio pedir ajuda ao secret\u00e1rio de governo da prefeitura. Lamentamos tal postura&#8221;, pontuou.<\/p>\n<p style=\"text-align: justify;\">Fagner tamb\u00e9m questionou a aus\u00eancia da prefeita Raquel Lyra na cidade para cumprir agendas de pr\u00e9-campanha. &#8220;Em entrevista a uma emissora de r\u00e1dio, a prefeita disse que cumpriria sua agenda de viagens nos finais de semana. Mas n\u00e3o \u00e9 isso que vemos. A chefe do Executivo tem cumprido agenda de pr\u00e9-candidata em outras cidades e em dias de semana, quando deveria estar atenta \u00e0s demandas de Caruaru. A cidade est\u00e1 sendo administrada pelos secret\u00e1rios, que custam em atender as nossas demandas e solucionar problemas da popula\u00e7\u00e3o&#8221;, enfatizou o vereador.<\/p>\n<p style=\"text-align: justify;\">O l\u00edder da oposi\u00e7\u00e3o cobrou ainda um posicionamento da AMTTC, em n\u00e3o fiscalizar o veiculo que transporta passageiros para as comunidades de Serra Velha e Malhada de Pedra. &#8220;O \u00f4nibus est\u00e1 com registro de atraso no Detran. Onde est\u00e1 o \u00f3rg\u00e3o fiscalizador dos transportes coletivos?&#8221;, lembrou Fagner.<\/p>\n","protected":false},"excerpt":{"rendered":"<p>Durante discurso na tribuna na Sess\u00e3o Plen\u00e1ria dessa ter\u00e7a-feira (21), o vereador e l\u00edder da oposi\u00e7\u00e3o na C\u00e2mara, Fagner Fernandes&hellip;<\/p>\n","protected":false},"author":1,"featured_media":78720,"comment_status":"open","ping_status":"open","sticky":false,"template":"","format":"standard","meta":{"footnotes":""},"categories":[14122],"tags":[2,19532,3406,23667],"class_list":["post-78719","post","type-post","status-publish","format-standard","has-post-thumbnail","hentry","category-politica","tag-blog-do-edvaldo-magalhaes","tag-blog-mais-acessado-e-visualizado-de-caruaru-e-regiao","tag-caruaru","tag-fagner-cobra-atencao-da-prefeitura-as-demandas-dos-vereadores-de-oposicao"],"_links":{"self":[{"href":"https:\/\/blogdoedvaldomagalhaes.com.br\/index.php\/wp-json\/wp\/v2\/posts\/78719","targetHints":{"allow":["GET"]}}],"collection":[{"href":"https:\/\/blogdoedvaldomagalhaes.com.br\/index.php\/wp-json\/wp\/v2\/posts"}],"about":[{"href":"https:\/\/blogdoedvaldomagalhaes.com.br\/index.php\/wp-json\/wp\/v2\/types\/post"}],"author":[{"embeddable":true,"href":"https:\/\/blogdoedvaldomagalhaes.com.br\/index.php\/wp-json\/wp\/v2\/users\/1"}],"replies":[{"embeddable":true,"href":"https:\/\/blogdoedvaldomagalhaes.com.br\/index.php\/wp-json\/wp\/v2\/comments?post=78719"}],"version-history":[{"count":1,"href":"https:\/\/blogdoedvaldomagalhaes.com.br\/index.php\/wp-json\/wp\/v2\/posts\/78719\/revisions"}],"predecessor-version":[{"id":78721,"href":"https:\/\/blogdoedvaldomagalhaes.com.br\/index.php\/wp-json\/wp\/v2\/posts\/78719\/revisions\/78721"}],"wp:featuredmedia":[{"embeddable":true,"href":"https:\/\/blogdoedvaldomagalhaes.com.br\/index.php\/wp-json\/wp\/v2\/media\/78720"}],"wp:attachment":[{"href":"https:\/\/blogdoedvaldomagalhaes.com.br\/index.php\/wp-json\/wp\/v2\/media?parent=78719"}],"wp:term":[{"taxonomy":"category","embeddable":true,"href":"https:\/\/blogdoedvaldomagalhaes.com.br\/index.php\/wp-json\/wp\/v2\/categories?post=78719"},{"taxonomy":"post_tag","embeddable":true,"href":"https:\/\/blogdoedvaldomagalhaes.com.br\/index.php\/wp-json\/wp\/v2\/tags?post=78719"}],"curies":[{"name":"wp","href":"https:\/\/api.w.org\/{rel}","templated":true}]}}