{"id":78716,"date":"2021-12-22T19:28:20","date_gmt":"2021-12-22T22:28:20","guid":{"rendered":"https:\/\/blogdoedvaldomagalhaes.com.br\/?p=78716"},"modified":"2021-12-22T20:28:43","modified_gmt":"2021-12-22T23:28:43","slug":"confira-os-vencedores-do-iii-edital-do-registro-do-patrimonio-vivo-de-caruaru","status":"publish","type":"post","link":"https:\/\/blogdoedvaldomagalhaes.com.br\/index.php\/2021\/12\/22\/confira-os-vencedores-do-iii-edital-do-registro-do-patrimonio-vivo-de-caruaru\/","title":{"rendered":"Confira os vencedores do III Edital do Registro do Patrim\u00f4nio Vivo de Caruaru"},"content":{"rendered":"<p style=\"text-align: justify;\"><span style=\"font-size: inherit;\">A Lei do Registro do Patrim\u00f4nio Vivo de Caruaru tem como objetivo &#8220;promover a valoriza\u00e7\u00e3o, difus\u00e3o e garantia da perpetua\u00e7\u00e3o de saberes e fazeres da cultura tradicional ou popular&#8221;. Assim, vem ressaltando as diversas linguagens culturais caruaruenses, que t\u00eam um legado para ser resguardado para as pr\u00f3ximas gera\u00e7\u00f5es.<\/span><\/p>\n<p style=\"text-align: justify;\">Diante disso, a Prefeitura de Caruaru, por meio da Funda\u00e7\u00e3o de Cultura (FCC), divulga, nesta quarta-feira (22), o resultado final do III Edital do Registro do Patrim\u00f4nio Vivo do munic\u00edpio, referente a 2021. S\u00e3o eles: Augusto Eventos (vota\u00e7\u00e3o popular), Fam\u00edlia Vitalino, Ivete Cairo, Onildo Almeida e Zefinha Parteira.<\/p>\n<p style=\"text-align: justify;\">Puderam se inscrever pessoas f\u00edsicas ou grupos, dotados ou n\u00e3o de constitui\u00e7\u00e3o jur\u00eddica, desde que sem fins lucrativos e de natureza cultural, resultando na concess\u00e3o de bolsas de incentivo financeiro por parte do Governo Municipal. Um dos requisitos para a sele\u00e7\u00e3o seria ser residente ou domiciliado em Caruaru e com atua\u00e7\u00e3o no munic\u00edpio h\u00e1 mais de 20 anos no segmento cultural, contado da data do pedido de inscri\u00e7\u00e3o.<\/p>\n<p style=\"text-align: justify;\">Quatro candidatos foram selecionados por uma comiss\u00e3o de an\u00e1lise formada por quatro membros &#8211; sendo dois representantes da Funda\u00e7\u00e3o de Cultura de Caruaru e dois do Conselho Municipal de Pol\u00edtica Cultural (CMPC); e um por meio de vota\u00e7\u00e3o popular. As bolsas ser\u00e3o pagas mensalmente, sendo R$ 2 mil para grupo e R$ 1 mil para os demais.<\/p>\n<p style=\"text-align: justify;\">Resumos<\/p>\n<p style=\"text-align: justify;\">Augusto Eventos (Vota\u00e7\u00e3o Popular) \u2013 Idealizador, criador e fundador da Associa\u00e7\u00e3o dos Idealizadores das Comidas Gigantes, em 2009; criador e fundador da Uni\u00e3o dos Criadores das Comidas Gigantes de Caruaru, em 2011. Augusto Eventos \u00e9 promotor de eventos culturais e esportivos em Caruaru, com 30 anos de atividades, com destaque para a Caminhada do Forr\u00f3 com o Maior Cuscuz do Mundo.<\/p>\n<p style=\"text-align: justify;\">Fam\u00edlia Vitalino &#8211; Detentora, n\u00e3o apenas do sobrenome do ceramista, a fam\u00edlia permanece em atividade, salvaguardando os modos de saberes e fazeres herdados de Mestre Vitalino. As mem\u00f3rias e artes s\u00e3o perpetuadas, sobretudo, pelas produ\u00e7\u00f5es coletivas da Fam\u00edlia Severino Vitalino, que se encontra na quarta gera\u00e7\u00e3o.<\/p>\n<p style=\"text-align: justify;\">Ivete Cairo \u2013 Uma das primeiras mulheres em Caruaru a tocar sanfona, foi tamb\u00e9m a primeira mulher locutora na cidade. Musicista, Ivete deu grande contribui\u00e7\u00e3o \u00e0 cultura de Caruaru, tamb\u00e9m como carnavalesca e com o pastoril, al\u00e9m dos vastos anos servindo na Funda\u00e7\u00e3o de Cultura. Durante muitos anos, foi respons\u00e1vel pela confec\u00e7\u00e3o dos enfeites de carnaval da cidade, assim como do S\u00e3o Jo\u00e3o.<\/p>\n<p style=\"text-align: justify;\">Onildo Almeida \u2013 Aos 93 anos, o cantor e compositor Onildo Almeida tem uma imensur\u00e1vel contribui\u00e7\u00e3o \u00e0 m\u00fasica caruaruense. O autor de \u201cA Feira de Caruaru\u201d &#8211; cantada por muitos artistas brasileiros e estrangeiros, incluindo Luiz Gonzaga, quando estourou &#8211; \u00e9 compositor de mais de 530 can\u00e7\u00f5es em v\u00e1rios g\u00eaneros.<\/p>\n<p style=\"text-align: justify;\">Zefinha Parteira \u2013 Parteira h\u00e1 mais de quatro d\u00e9cadas, trouxe ao mundo mais de 2.000 crian\u00e7as com seus saberes, sendo a defini\u00e7\u00e3o mais org\u00e2nica da cultura popular e tradicional. Ainda est\u00e1 em atividade, formando novas parteiras. J\u00e1 representou a categoria nos Conselhos Municipais de Sa\u00fade, da Mulher e do Idoso. Foi presidente da Associa\u00e7\u00e3o de Parteiras Tradicionais de Caruaru.<\/p>\n<p style=\"text-align: justify;\">Edi\u00e7\u00f5es I e II<br>\nNo I Registro de Patrim\u00f4nio Vivo de Caruaru, o Mestre Luiz Ant\u00f4nio foi eleito por vota\u00e7\u00e3o popular, e uma comiss\u00e3o especial de an\u00e1lise escolheu Azul\u00e3o, Mestre Seb\u00e1, Jo\u00e3o do Pife e Boi Tira-Teima para ganharem, de forma vital\u00edcia, uma bolsa de incentivo.<\/p>\n<p style=\"text-align: justify;\">J\u00e1 no II Registro de Patrim\u00f4nio Vivo, foram escolhidos: Banda de P\u00edfanos Z\u00e9 do Estado; Walmir Silva; Joana Ang\u00e9lica; Dona Maria do Bolo e Terezinha Gonzaga (esta \u00faltima com o voto popular).<\/p>\n\n\n<figure class=\"wp-block-image size-large\"><img loading=\"lazy\" decoding=\"async\" width=\"912\" height=\"712\" src=\"https:\/\/blogdoedvaldomagalhaes.com.br\/wp-content\/uploads\/2021\/12\/IMG-20211222-WA0413.jpg\" alt=\"\" class=\"wp-image-78722\" srcset=\"https:\/\/blogdoedvaldomagalhaes.com.br\/wp-content\/uploads\/2021\/12\/IMG-20211222-WA0413.jpg 912w, https:\/\/blogdoedvaldomagalhaes.com.br\/wp-content\/uploads\/2021\/12\/IMG-20211222-WA0413-300x234.jpg 300w, https:\/\/blogdoedvaldomagalhaes.com.br\/wp-content\/uploads\/2021\/12\/IMG-20211222-WA0413-768x600.jpg 768w\" sizes=\"auto, (max-width: 912px) 100vw, 912px\" \/><\/figure>\n","protected":false},"excerpt":{"rendered":"<p>A Lei do Registro do Patrim\u00f4nio Vivo de Caruaru tem como objetivo &#8220;promover a valoriza\u00e7\u00e3o, difus\u00e3o e garantia da perpetua\u00e7\u00e3o&hellip;<\/p>\n","protected":false},"author":1,"featured_media":78717,"comment_status":"open","ping_status":"open","sticky":false,"template":"","format":"standard","meta":{"footnotes":""},"categories":[14120],"tags":[992,19532,3406,23666],"class_list":["post-78716","post","type-post","status-publish","format-standard","has-post-thumbnail","hentry","category-noticias","tag-blog-do-edvaldo-do-magalhaes","tag-blog-mais-acessado-e-visualizado-de-caruaru-e-regiao","tag-caruaru","tag-confira-os-vencedores-do-iii-edital-do-registro-do-patrimonio-vivo-de-caruaru"],"_links":{"self":[{"href":"https:\/\/blogdoedvaldomagalhaes.com.br\/index.php\/wp-json\/wp\/v2\/posts\/78716","targetHints":{"allow":["GET"]}}],"collection":[{"href":"https:\/\/blogdoedvaldomagalhaes.com.br\/index.php\/wp-json\/wp\/v2\/posts"}],"about":[{"href":"https:\/\/blogdoedvaldomagalhaes.com.br\/index.php\/wp-json\/wp\/v2\/types\/post"}],"author":[{"embeddable":true,"href":"https:\/\/blogdoedvaldomagalhaes.com.br\/index.php\/wp-json\/wp\/v2\/users\/1"}],"replies":[{"embeddable":true,"href":"https:\/\/blogdoedvaldomagalhaes.com.br\/index.php\/wp-json\/wp\/v2\/comments?post=78716"}],"version-history":[{"count":2,"href":"https:\/\/blogdoedvaldomagalhaes.com.br\/index.php\/wp-json\/wp\/v2\/posts\/78716\/revisions"}],"predecessor-version":[{"id":78723,"href":"https:\/\/blogdoedvaldomagalhaes.com.br\/index.php\/wp-json\/wp\/v2\/posts\/78716\/revisions\/78723"}],"wp:featuredmedia":[{"embeddable":true,"href":"https:\/\/blogdoedvaldomagalhaes.com.br\/index.php\/wp-json\/wp\/v2\/media\/78717"}],"wp:attachment":[{"href":"https:\/\/blogdoedvaldomagalhaes.com.br\/index.php\/wp-json\/wp\/v2\/media?parent=78716"}],"wp:term":[{"taxonomy":"category","embeddable":true,"href":"https:\/\/blogdoedvaldomagalhaes.com.br\/index.php\/wp-json\/wp\/v2\/categories?post=78716"},{"taxonomy":"post_tag","embeddable":true,"href":"https:\/\/blogdoedvaldomagalhaes.com.br\/index.php\/wp-json\/wp\/v2\/tags?post=78716"}],"curies":[{"name":"wp","href":"https:\/\/api.w.org\/{rel}","templated":true}]}}