{"id":78713,"date":"2021-12-22T17:39:34","date_gmt":"2021-12-22T20:39:34","guid":{"rendered":"https:\/\/blogdoedvaldomagalhaes.com.br\/?p=78713"},"modified":"2021-12-22T17:39:36","modified_gmt":"2021-12-22T20:39:36","slug":"suspenso-abastecimento-em-bairros-de-caruaru-devido-manuntencao-emergencial-em-jucazinho","status":"publish","type":"post","link":"https:\/\/blogdoedvaldomagalhaes.com.br\/index.php\/2021\/12\/22\/suspenso-abastecimento-em-bairros-de-caruaru-devido-manuntencao-emergencial-em-jucazinho\/","title":{"rendered":"Suspenso abastecimento em bairros de Caruaru, devido manunten\u00e7\u00e3o emergencial em Jucazinho"},"content":{"rendered":"<p dir=\"ltr\" style=\"text-align: justify;\">Devido a uma manuten\u00e7\u00e3o emergencial na Esta\u00e7\u00e3o Elevat\u00f3ria 2 do Sistema Jucazinho e consequente queda na vaz\u00e3o da \u00e1gua distribu\u00edda, o abastecimento est\u00e1 parcialmente suspenso em alguns bairros de Caruaru e precisou ser interrompido em outros pontos da cidade, conforme detalhamento abaixo:<\/p>\n<p dir=\"ltr\" style=\"text-align: justify;\">\u2022 Bairros impactados com a redu\u00e7\u00e3o da vaz\u00e3o: Jos\u00e9 Liberato, Zona Rural \u00c1rea 3 (Contendas lado A \u2013 Sem Terra, Casar\u00e3o), Rafael Lado A (Posto de Sa\u00fade), Riacho Doce, Lajes e Ju\u00e1 (Coqueiros e Barrinhos).<\/p>\n<p dir=\"ltr\" style=\"text-align: justify;\">\u2022 Bairros com o abastecimento suspenso temporariamente: Salgado (parte alta), Luiz Gonzaga, Rendeiras (parte baixa), Morada Nova, Gon\u00e7alves Ferreira (parte alta), S\u00e3o Jo\u00e3o da Esc\u00f3cia (parte alta), Luar de Caruaru, Mirante do Vale, Quintas da Colina 1 e 2, Monte Carmelo e Morada Nobre.<\/p>\n<p dir=\"ltr\" style=\"text-align: justify;\">A previs\u00e3o \u00e9 retomar a plena opera\u00e7\u00e3o ainda nesta quarta-feira (22), \u00e0s 18h. Durante este per\u00edodo, a Companhia far\u00e1 o atendimento atrav\u00e9s de carros pipas, de forma comunit\u00e1ria.<\/p>\n","protected":false},"excerpt":{"rendered":"<p>Devido a uma manuten\u00e7\u00e3o emergencial na Esta\u00e7\u00e3o Elevat\u00f3ria 2 do Sistema Jucazinho e consequente queda na vaz\u00e3o da \u00e1gua distribu\u00edda,&hellip;<\/p>\n","protected":false},"author":1,"featured_media":78714,"comment_status":"open","ping_status":"open","sticky":false,"template":"","format":"standard","meta":{"footnotes":""},"categories":[14120],"tags":[2,19532,3406,23665],"class_list":["post-78713","post","type-post","status-publish","format-standard","has-post-thumbnail","hentry","category-noticias","tag-blog-do-edvaldo-magalhaes","tag-blog-mais-acessado-e-visualizado-de-caruaru-e-regiao","tag-caruaru","tag-suspenso-abastecimento-em-bairros-de-caruaru-devido-manuntencao-emergencial-em-jucazinho"],"_links":{"self":[{"href":"https:\/\/blogdoedvaldomagalhaes.com.br\/index.php\/wp-json\/wp\/v2\/posts\/78713","targetHints":{"allow":["GET"]}}],"collection":[{"href":"https:\/\/blogdoedvaldomagalhaes.com.br\/index.php\/wp-json\/wp\/v2\/posts"}],"about":[{"href":"https:\/\/blogdoedvaldomagalhaes.com.br\/index.php\/wp-json\/wp\/v2\/types\/post"}],"author":[{"embeddable":true,"href":"https:\/\/blogdoedvaldomagalhaes.com.br\/index.php\/wp-json\/wp\/v2\/users\/1"}],"replies":[{"embeddable":true,"href":"https:\/\/blogdoedvaldomagalhaes.com.br\/index.php\/wp-json\/wp\/v2\/comments?post=78713"}],"version-history":[{"count":1,"href":"https:\/\/blogdoedvaldomagalhaes.com.br\/index.php\/wp-json\/wp\/v2\/posts\/78713\/revisions"}],"predecessor-version":[{"id":78715,"href":"https:\/\/blogdoedvaldomagalhaes.com.br\/index.php\/wp-json\/wp\/v2\/posts\/78713\/revisions\/78715"}],"wp:featuredmedia":[{"embeddable":true,"href":"https:\/\/blogdoedvaldomagalhaes.com.br\/index.php\/wp-json\/wp\/v2\/media\/78714"}],"wp:attachment":[{"href":"https:\/\/blogdoedvaldomagalhaes.com.br\/index.php\/wp-json\/wp\/v2\/media?parent=78713"}],"wp:term":[{"taxonomy":"category","embeddable":true,"href":"https:\/\/blogdoedvaldomagalhaes.com.br\/index.php\/wp-json\/wp\/v2\/categories?post=78713"},{"taxonomy":"post_tag","embeddable":true,"href":"https:\/\/blogdoedvaldomagalhaes.com.br\/index.php\/wp-json\/wp\/v2\/tags?post=78713"}],"curies":[{"name":"wp","href":"https:\/\/api.w.org\/{rel}","templated":true}]}}