{"id":78710,"date":"2021-12-21T22:41:31","date_gmt":"2021-12-22T01:41:31","guid":{"rendered":"https:\/\/blogdoedvaldomagalhaes.com.br\/?p=78710"},"modified":"2021-12-21T22:41:32","modified_gmt":"2021-12-22T01:41:32","slug":"erick-lessa-faz-balanco-da-comissao-de-desenvolvimento-economico-e-turismo","status":"publish","type":"post","link":"https:\/\/blogdoedvaldomagalhaes.com.br\/index.php\/2021\/12\/21\/erick-lessa-faz-balanco-da-comissao-de-desenvolvimento-economico-e-turismo\/","title":{"rendered":"Erick Lessa faz balan\u00e7o da Comiss\u00e3o de Desenvolvimento Econ\u00f4mico e Turismo"},"content":{"rendered":"<p style=\"text-align: justify;\"><span style=\"font-size: inherit;\">O deputado estadual Erick Lessa, presidente da Comiss\u00e3o de Desenvolvimento Econ\u00f4mico e Turismo da Assembleia Legislativa de Pernambuco, realizou um balan\u00e7o das a\u00e7\u00f5es realizadas ao longo do ano de 2021 pelo colegiado. \u201cTivemos um ano de muito trabalho e desafios, mas, principalmente, de muitas conquistas\u201d, avaliou o parlamentar.<\/span><\/p>\n<p style=\"text-align: justify;\">Lessa contabilizou que a comiss\u00e3o recebeu e distribuiu 467 proposi\u00e7\u00f5es legislativas, tendo aprovado 163 delas. No total, foram realizadas 26 reuni\u00f5es ordin\u00e1rias e uma extraordin\u00e1ria. Tamb\u00e9m foram realizadas quatro audi\u00eancias p\u00fablicas, integrando a sociedade civil e o poder p\u00fablico para debater temas relacionados \u00e0 economia.<\/p>\n<p style=\"text-align: justify;\">Uma das audi\u00eancias p\u00fablicas ocorreu no \u00faltimo dia 16, com um debate acerca dos poss\u00edveis reflexos no Polo de Confec\u00e7\u00f5es do Agreste de acordos comerciais internacionais que est\u00e3o sendo firmados entre o Brasil e pa\u00edses asi\u00e1ticos. Como encaminhamento, est\u00e1 sendo criado um Grupo de Trabalho (GT) para tratar da quest\u00e3o com os envolvidos nas negocia\u00e7\u00f5es.<\/p>\n<p style=\"text-align: justify;\"><strong>Outras audi\u00eancias<\/strong><br \/>\nA aproxima\u00e7\u00e3o entre o Poder Legislativo e a sociedade civil tem sido uma t\u00f4nica da atua\u00e7\u00e3o de Erick Lessa \u00e0 frente do colegiado. Em mar\u00e7o, o deputado comandou uma audi\u00eancia p\u00fablica com integrantes do Movimento Pr\u00f3-Pernambuco para definir medidas para conter o avan\u00e7o da pandemia e minimizar os impactos econ\u00f4micos das medidas restritivas. Em junho, foi realizada uma audi\u00eancia p\u00fablica com participa\u00e7\u00e3o da ent\u00e3o secret\u00e1ria executiva de Desenvolvimento Econ\u00f4mico de PE, Ana Paula Vila\u00e7a, e representantes do setor produtivo para debater pautas do Polo T\u00eaxtil.<\/p>\n<p style=\"text-align: justify;\">Foto: Viliane Gomes<\/p>\n","protected":false},"excerpt":{"rendered":"<p>O deputado estadual Erick Lessa, presidente da Comiss\u00e3o de Desenvolvimento Econ\u00f4mico e Turismo da Assembleia Legislativa de Pernambuco, realizou um&hellip;<\/p>\n","protected":false},"author":1,"featured_media":78711,"comment_status":"open","ping_status":"open","sticky":false,"template":"","format":"standard","meta":{"footnotes":""},"categories":[14122],"tags":[2,19532,3406,23664],"class_list":["post-78710","post","type-post","status-publish","format-standard","has-post-thumbnail","hentry","category-politica","tag-blog-do-edvaldo-magalhaes","tag-blog-mais-acessado-e-visualizado-de-caruaru-e-regiao","tag-caruaru","tag-erick-lessa-faz-balanco-da-comissao-de-desenvolvimento-economico-e-turismo"],"_links":{"self":[{"href":"https:\/\/blogdoedvaldomagalhaes.com.br\/index.php\/wp-json\/wp\/v2\/posts\/78710","targetHints":{"allow":["GET"]}}],"collection":[{"href":"https:\/\/blogdoedvaldomagalhaes.com.br\/index.php\/wp-json\/wp\/v2\/posts"}],"about":[{"href":"https:\/\/blogdoedvaldomagalhaes.com.br\/index.php\/wp-json\/wp\/v2\/types\/post"}],"author":[{"embeddable":true,"href":"https:\/\/blogdoedvaldomagalhaes.com.br\/index.php\/wp-json\/wp\/v2\/users\/1"}],"replies":[{"embeddable":true,"href":"https:\/\/blogdoedvaldomagalhaes.com.br\/index.php\/wp-json\/wp\/v2\/comments?post=78710"}],"version-history":[{"count":1,"href":"https:\/\/blogdoedvaldomagalhaes.com.br\/index.php\/wp-json\/wp\/v2\/posts\/78710\/revisions"}],"predecessor-version":[{"id":78712,"href":"https:\/\/blogdoedvaldomagalhaes.com.br\/index.php\/wp-json\/wp\/v2\/posts\/78710\/revisions\/78712"}],"wp:featuredmedia":[{"embeddable":true,"href":"https:\/\/blogdoedvaldomagalhaes.com.br\/index.php\/wp-json\/wp\/v2\/media\/78711"}],"wp:attachment":[{"href":"https:\/\/blogdoedvaldomagalhaes.com.br\/index.php\/wp-json\/wp\/v2\/media?parent=78710"}],"wp:term":[{"taxonomy":"category","embeddable":true,"href":"https:\/\/blogdoedvaldomagalhaes.com.br\/index.php\/wp-json\/wp\/v2\/categories?post=78710"},{"taxonomy":"post_tag","embeddable":true,"href":"https:\/\/blogdoedvaldomagalhaes.com.br\/index.php\/wp-json\/wp\/v2\/tags?post=78710"}],"curies":[{"name":"wp","href":"https:\/\/api.w.org\/{rel}","templated":true}]}}