{"id":78704,"date":"2021-12-21T21:56:17","date_gmt":"2021-12-22T00:56:17","guid":{"rendered":"https:\/\/blogdoedvaldomagalhaes.com.br\/?p=78704"},"modified":"2021-12-21T21:56:19","modified_gmt":"2021-12-22T00:56:19","slug":"pl-de-irmao-ronaldo-pretende-instalar-em-caruaru-o-escola-comunitaria","status":"publish","type":"post","link":"https:\/\/blogdoedvaldomagalhaes.com.br\/index.php\/2021\/12\/21\/pl-de-irmao-ronaldo-pretende-instalar-em-caruaru-o-escola-comunitaria\/","title":{"rendered":"PL de Irm\u00e3o Ronaldo pretende instalar em Caruaru o &#8220;Escola Comunit\u00e1ria&#8221;"},"content":{"rendered":"<p id=\"viewer-co40d\" class=\"mm8Nw _1j-51 _1atvN _1FoOD _78FBa _3_La3 _1atvN public-DraftStyleDefault-block-depth0 public-DraftStyleDefault-text-ltr\" style=\"text-align: justify;\"><span class=\"_2PHJq public-DraftStyleDefault-ltr\">O vereador Irm\u00e3o Ronaldo apresentou o Projeto de Lei que visa criar o Programa Municipal \u201cEscola Comunit\u00e1ria\u201d. O objetivo \u00e9 incentivar pessoas f\u00edsicas e jur\u00eddicas a contribu\u00edrem para a melhoria da qualidade do ensino na Rede P\u00fablica Municipal. <\/span><\/p>\n<p id=\"viewer-ajacc\" class=\"mm8Nw _1j-51 _1atvN _1FoOD _78FBa _3_La3 _1atvN public-DraftStyleDefault-block-depth0 public-DraftStyleDefault-text-ltr\" style=\"text-align: justify;\"><span class=\"_2PHJq public-DraftStyleDefault-ltr\">A participa\u00e7\u00e3o desses colaboradores pode ser com doa\u00e7\u00e3o de equipamentos, realiza\u00e7\u00e3o de obras de manuten\u00e7\u00e3o, conserva\u00e7\u00e3o, reforma e amplia\u00e7\u00e3o de pr\u00e9dios escolares, seja com outras a\u00e7\u00f5es que visem beneficiar o ensino nas escolas p\u00fablicas do Munic\u00edpio de Caruaru.<\/span><\/p>\n<p id=\"viewer-8gj8c\" class=\"mm8Nw _1j-51 _1atvN _1FoOD _78FBa _3_La3 _1atvN public-DraftStyleDefault-block-depth0 public-DraftStyleDefault-text-ltr\" style=\"text-align: justify;\"><span class=\"_2PHJq public-DraftStyleDefault-ltr\">&#8220;Sabemos que a Administra\u00e7\u00e3o P\u00fablica tem a obriga\u00e7\u00e3o com a manuten\u00e7\u00e3o das escolas, para uma educa\u00e7\u00e3o mais completa e convidativa aos alunos. Entretanto, as empresas localizadas nas comunidades circunvizinhas que tiverem interesse na evolu\u00e7\u00e3o educacional e profissional dos alunos poder\u00e3o ajudar as escolas com problemas estruturais de ordem material e t\u00e9cnica, que podem ser reduzidos ou, at\u00e9, eliminados&#8221; justifica o vereador.<\/span><\/p>\n<p id=\"viewer-3i40l\" class=\"mm8Nw _1j-51 _1atvN _1FoOD _78FBa _3_La3 _1atvN public-DraftStyleDefault-block-depth0 public-DraftStyleDefault-text-ltr\" style=\"text-align: justify;\"><span class=\"_2PHJq public-DraftStyleDefault-ltr\">O PL permanece tramitando internamente na C\u00e2mara de Vereadores de Caruaru.<\/span><\/p>\n","protected":false},"excerpt":{"rendered":"<p>O vereador Irm\u00e3o Ronaldo apresentou o Projeto de Lei que visa criar o Programa Municipal \u201cEscola Comunit\u00e1ria\u201d. O objetivo \u00e9&hellip;<\/p>\n","protected":false},"author":1,"featured_media":77460,"comment_status":"open","ping_status":"open","sticky":false,"template":"","format":"standard","meta":{"footnotes":""},"categories":[14122],"tags":[2,19532,3406,23663],"class_list":["post-78704","post","type-post","status-publish","format-standard","has-post-thumbnail","hentry","category-politica","tag-blog-do-edvaldo-magalhaes","tag-blog-mais-acessado-e-visualizado-de-caruaru-e-regiao","tag-caruaru","tag-pl-de-irmao-ronaldo-pretende-instalar-em-caruaru-o-escola-comunitaria"],"_links":{"self":[{"href":"https:\/\/blogdoedvaldomagalhaes.com.br\/index.php\/wp-json\/wp\/v2\/posts\/78704","targetHints":{"allow":["GET"]}}],"collection":[{"href":"https:\/\/blogdoedvaldomagalhaes.com.br\/index.php\/wp-json\/wp\/v2\/posts"}],"about":[{"href":"https:\/\/blogdoedvaldomagalhaes.com.br\/index.php\/wp-json\/wp\/v2\/types\/post"}],"author":[{"embeddable":true,"href":"https:\/\/blogdoedvaldomagalhaes.com.br\/index.php\/wp-json\/wp\/v2\/users\/1"}],"replies":[{"embeddable":true,"href":"https:\/\/blogdoedvaldomagalhaes.com.br\/index.php\/wp-json\/wp\/v2\/comments?post=78704"}],"version-history":[{"count":1,"href":"https:\/\/blogdoedvaldomagalhaes.com.br\/index.php\/wp-json\/wp\/v2\/posts\/78704\/revisions"}],"predecessor-version":[{"id":78705,"href":"https:\/\/blogdoedvaldomagalhaes.com.br\/index.php\/wp-json\/wp\/v2\/posts\/78704\/revisions\/78705"}],"wp:featuredmedia":[{"embeddable":true,"href":"https:\/\/blogdoedvaldomagalhaes.com.br\/index.php\/wp-json\/wp\/v2\/media\/77460"}],"wp:attachment":[{"href":"https:\/\/blogdoedvaldomagalhaes.com.br\/index.php\/wp-json\/wp\/v2\/media?parent=78704"}],"wp:term":[{"taxonomy":"category","embeddable":true,"href":"https:\/\/blogdoedvaldomagalhaes.com.br\/index.php\/wp-json\/wp\/v2\/categories?post=78704"},{"taxonomy":"post_tag","embeddable":true,"href":"https:\/\/blogdoedvaldomagalhaes.com.br\/index.php\/wp-json\/wp\/v2\/tags?post=78704"}],"curies":[{"name":"wp","href":"https:\/\/api.w.org\/{rel}","templated":true}]}}