{"id":787,"date":"2018-11-07T01:10:00","date_gmt":"2018-11-07T03:10:00","guid":{"rendered":"http:\/\/blogdoedvaldomagalhaes.com.br\/index.php\/2018\/11\/07\/rebeliao-na-funase-caruaru-nesta-terca\/"},"modified":"2019-02-09T02:38:28","modified_gmt":"2019-02-09T04:38:28","slug":"rebeliao-na-funase-caruaru-nesta-terca","status":"publish","type":"post","link":"https:\/\/blogdoedvaldomagalhaes.com.br\/index.php\/2018\/11\/07\/rebeliao-na-funase-caruaru-nesta-terca\/","title":{"rendered":"Rebeli\u00e3o na Funase Caruaru nesta ter\u00e7a-feira (06)"},"content":{"rendered":"<div class=\"separator\" style=\"clear: both; text-align: center;\">\n<a href=\"https:\/\/3.bp.blogspot.com\/-w_ky8NmTCrs\/W-I622fsPbI\/AAAAAAAA9BU\/djAXou43X3AjLuFuocgYkXxMgQ0_67rSgCLcBGAs\/s1600\/IMG-20181106-WA0153.jpg\" imageanchor=\"1\" style=\"margin-left: 1em; margin-right: 1em;\"><img loading=\"lazy\" decoding=\"async\" border=\"0\" data-original-height=\"1280\" data-original-width=\"640\" height=\"640\" src=\"http:\/\/blogdoedvaldomagalhaes.com.br\/wp-content\/uploads\/2018\/11\/IMG-20181106-WA0153.jpg\" width=\"320\" \/><\/a><\/div>\n<div class=\"separator\" style=\"clear: both; text-align: center;\">\n<\/div>\n<div class=\"separator\" style=\"clear: both; text-align: center;\">\n<\/div>\n<div class=\"separator\" style=\"clear: both; text-align: justify;\">\nInternos da Funda\u00e7\u00e3o de Atendimento Socioeducativo (Funase) de Caruaru, Agreste de Pernambuco, promoveram um tumulto na noite desta ter\u00e7a-feira (06). Eles atearam fogo em um dos port\u00f5es usando colch\u00f5es, roupas e m\u00f3veis. Tamb\u00e9m fizeram dois buracos no muro para tentar fugir pela parte de tr\u00e1s do pr\u00e9dio.<\/div>\n<div class=\"separator\" style=\"clear: both; text-align: justify;\">\n<\/div>\n<div class=\"separator\" style=\"clear: both; text-align: justify;\">\n<\/div>\n<div style=\"background-color: white; box-sizing: border-box; line-height: 24px; margin-bottom: 10px; text-align: justify;\">\nA inquieta\u00e7\u00e3o dos adolescentes mobilizou v\u00e1rias viaturas do 4\u00ba BPM e do BIEsp. A unidade foi cercada pelos policiais e a tropa de choque conteve o tumulto. O Corpo de Bombeiros combateu o fogo em meio ao momento de tens\u00e3o. Um pavilh\u00e3o foi destru\u00eddo e n\u00e3o houve feridos.<\/div>\n<div class=\"separator\" style=\"clear: both; text-align: justify;\">\n<\/div>\n<div class=\"separator\" style=\"clear: both; text-align: justify;\">\n<b>NOTA<\/b><\/div>\n<div class=\"separator\" style=\"clear: both; text-align: justify;\">\n<\/div>\n<div class=\"separator\" style=\"clear: both; text-align: justify;\">\nA Funda\u00e7\u00e3o de Atendimento Socioeducativo (Funase) informa que, por volta das 21h30 desta ter\u00e7a-feira (6), registrou uma tentativa de fuga frustrada no Centro de Atendimento Socioeducativo (Case) Caruaru. Um princ\u00edpio de inc\u00eandio foi provocado em um port\u00e3o interno da unidade, mas foi rapidamente controlado pelo Corpo de Bombeiros. Agentes socioeducativos que estavam trabalhando no momento da ocorr\u00eancia e policiais militares do Batalh\u00e3o Integrado Especializado (Biesp), que entraram no Case Caruaru depois de acionados, foram determinantes para uma atua\u00e7\u00e3o com precis\u00e3o e assertividade. Nenhum socioeducando fugiu. Ningu\u00e9m ficou ferido. O clima de tranquilidade j\u00e1 est\u00e1 restabelecido na unidade. As circunst\u00e2ncias do ocorrido ser\u00e3o investigadas pela Corregedoria.<\/div>\n<div class=\"separator\" style=\"clear: both; text-align: justify;\">\n<\/div>\n<div class=\"separator\" style=\"clear: both; text-align: justify;\">\n<\/div>\n<div class=\"separator\" style=\"clear: both; text-align: justify;\">\nAssessoria de Comunica\u00e7\u00e3o<\/div>\n<div style=\"text-align: justify;\">\n<\/div>\n<div style=\"text-align: justify;\">\n<b>Veja os v\u00eddeos abaixo:<\/b><\/div>\n<div style=\"text-align: justify;\">\n<\/div>\n<div class=\"separator\" style=\"clear: both; text-align: center;\">\n<\/div>\n<div class=\"separator\" style=\"clear: both; text-align: center;\">\n<\/div>\n<div class=\"separator\" style=\"clear: both; text-align: center;\">\n<\/div>\n<p><\/p>\n","protected":false},"excerpt":{"rendered":"<p>Internos da Funda\u00e7\u00e3o de Atendimento Socioeducativo (Funase) de Caruaru, Agreste de Pernambuco, promoveram um tumulto na noite desta ter\u00e7a-feira (06).&hellip;<\/p>\n","protected":false},"author":1,"featured_media":0,"comment_status":"open","ping_status":"open","sticky":false,"template":"","format":"standard","meta":{"footnotes":""},"categories":[1],"tags":[2,13,730],"class_list":["post-787","post","type-post","status-publish","format-standard","hentry","category-sem-categoria","tag-blog-do-edvaldo-magalhaes","tag-policial","tag-rebeliao-na-funase-caruaru-nesta-terca-feira-06"],"_links":{"self":[{"href":"https:\/\/blogdoedvaldomagalhaes.com.br\/index.php\/wp-json\/wp\/v2\/posts\/787","targetHints":{"allow":["GET"]}}],"collection":[{"href":"https:\/\/blogdoedvaldomagalhaes.com.br\/index.php\/wp-json\/wp\/v2\/posts"}],"about":[{"href":"https:\/\/blogdoedvaldomagalhaes.com.br\/index.php\/wp-json\/wp\/v2\/types\/post"}],"author":[{"embeddable":true,"href":"https:\/\/blogdoedvaldomagalhaes.com.br\/index.php\/wp-json\/wp\/v2\/users\/1"}],"replies":[{"embeddable":true,"href":"https:\/\/blogdoedvaldomagalhaes.com.br\/index.php\/wp-json\/wp\/v2\/comments?post=787"}],"version-history":[{"count":1,"href":"https:\/\/blogdoedvaldomagalhaes.com.br\/index.php\/wp-json\/wp\/v2\/posts\/787\/revisions"}],"predecessor-version":[{"id":35580,"href":"https:\/\/blogdoedvaldomagalhaes.com.br\/index.php\/wp-json\/wp\/v2\/posts\/787\/revisions\/35580"}],"wp:attachment":[{"href":"https:\/\/blogdoedvaldomagalhaes.com.br\/index.php\/wp-json\/wp\/v2\/media?parent=787"}],"wp:term":[{"taxonomy":"category","embeddable":true,"href":"https:\/\/blogdoedvaldomagalhaes.com.br\/index.php\/wp-json\/wp\/v2\/categories?post=787"},{"taxonomy":"post_tag","embeddable":true,"href":"https:\/\/blogdoedvaldomagalhaes.com.br\/index.php\/wp-json\/wp\/v2\/tags?post=787"}],"curies":[{"name":"wp","href":"https:\/\/api.w.org\/{rel}","templated":true}]}}