{"id":7859,"date":"2016-10-28T21:20:00","date_gmt":"2016-10-28T23:20:00","guid":{"rendered":"http:\/\/blogdoedvaldomagalhaes.com.br\/index.php\/2016\/10\/28\/seca-provoca-colapso-em-mais-uma\/"},"modified":"2019-02-09T01:04:18","modified_gmt":"2019-02-09T03:04:18","slug":"seca-provoca-colapso-em-mais-uma","status":"publish","type":"post","link":"https:\/\/blogdoedvaldomagalhaes.com.br\/index.php\/2016\/10\/28\/seca-provoca-colapso-em-mais-uma\/","title":{"rendered":"Seca provoca colapso em mais uma barragem e carros-pipa ser\u00e3o a solu\u00e7\u00e3o"},"content":{"rendered":"<div class=\"separator\" style=\"clear: both; text-align: center;\">\n<a href=\"https:\/\/2.bp.blogspot.com\/-Bz_r8JR8dSc\/WBPAb3pb6TI\/AAAAAAAAI04\/r7OiZxc4spccN8h9CunZ2_0Q56jcXx_VwCLcB\/s1600\/barragem.jpg\" imageanchor=\"1\" style=\"margin-left: 1em; margin-right: 1em;\"><img loading=\"lazy\" decoding=\"async\" border=\"0\" height=\"300\" src=\"http:\/\/blogdoedvaldomagalhaes.com.br\/wp-content\/uploads\/2016\/10\/barragem.jpg\" width=\"400\" \/><\/a><\/div>\n<div class=\"separator\" style=\"clear: both; text-align: center;\">\n<\/div>\n<div style=\"list-style: none; text-align: justify;\">\nA falta de chuvas em munic\u00edpios do Agreste de Pernambuco provocou o colapso de mais um manancial. A Barragem de Santana II, que atende a cidade de Brejo da Madre de Deus, n\u00e3o suportou os efeitos da estiagem prolongada e n\u00e3o oferece mais condi\u00e7\u00f5es de capta\u00e7\u00e3o da \u00e1gua para abastecimento humano.&nbsp;<\/div>\n<div style=\"list-style: none; text-align: justify;\">\n&nbsp;<\/div>\n<div style=\"list-style: none; text-align: justify;\">\nA popula\u00e7\u00e3o passar\u00e1 a ser abastecida,&nbsp;a partir da pr\u00f3xima semana, exclusivamente por carros-pipa e cisternas comunit\u00e1rias.<\/div>\n<div style=\"list-style: none; text-align: justify;\">\n&nbsp;<\/div>\n<div style=\"list-style: none; text-align: justify;\">\nA Compesa j\u00e1 vinha complementando o abastecimento da cidade com cinco carros-pipa, durante a vig\u00eancia do rigoroso rod\u00edzio de distribui\u00e7\u00e3o. Agora, com o colapso do reservat\u00f3rio, ser\u00e1 dobrado o n\u00famero de carros-pipa, passando para dez unidades.<\/div>\n<div style=\"list-style: none; text-align: justify;\">\n&nbsp;<\/div>\n<div style=\"list-style: none; text-align: justify;\">\nNa semana que vem&nbsp;j\u00e1 come\u00e7am a ser implantadas as cisternas comunit\u00e1rias em pontos estrat\u00e9gicos da cidade para&nbsp;o atendimento emergencial \u00e0 popula\u00e7\u00e3o.<\/div>\n<p><\/p>\n","protected":false},"excerpt":{"rendered":"<p>A falta de chuvas em munic\u00edpios do Agreste de Pernambuco provocou o colapso de mais um manancial. A Barragem de&hellip;<\/p>\n","protected":false},"author":1,"featured_media":0,"comment_status":"open","ping_status":"open","sticky":false,"template":"","format":"standard","meta":{"footnotes":""},"categories":[1],"tags":[11471,2,4354,6,11472],"class_list":["post-7859","post","type-post","status-publish","format-standard","hentry","category-sem-categoria","tag-barragem-de-santana","tag-blog-do-edvaldo-magalhaes","tag-brejo-da-madre-de-deus","tag-noticias","tag-seca-provoca-colapso-em-mais-uma-barragem-e-carros-pipa-serao-a-solucao"],"_links":{"self":[{"href":"https:\/\/blogdoedvaldomagalhaes.com.br\/index.php\/wp-json\/wp\/v2\/posts\/7859","targetHints":{"allow":["GET"]}}],"collection":[{"href":"https:\/\/blogdoedvaldomagalhaes.com.br\/index.php\/wp-json\/wp\/v2\/posts"}],"about":[{"href":"https:\/\/blogdoedvaldomagalhaes.com.br\/index.php\/wp-json\/wp\/v2\/types\/post"}],"author":[{"embeddable":true,"href":"https:\/\/blogdoedvaldomagalhaes.com.br\/index.php\/wp-json\/wp\/v2\/users\/1"}],"replies":[{"embeddable":true,"href":"https:\/\/blogdoedvaldomagalhaes.com.br\/index.php\/wp-json\/wp\/v2\/comments?post=7859"}],"version-history":[{"count":1,"href":"https:\/\/blogdoedvaldomagalhaes.com.br\/index.php\/wp-json\/wp\/v2\/posts\/7859\/revisions"}],"predecessor-version":[{"id":13598,"href":"https:\/\/blogdoedvaldomagalhaes.com.br\/index.php\/wp-json\/wp\/v2\/posts\/7859\/revisions\/13598"}],"wp:attachment":[{"href":"https:\/\/blogdoedvaldomagalhaes.com.br\/index.php\/wp-json\/wp\/v2\/media?parent=7859"}],"wp:term":[{"taxonomy":"category","embeddable":true,"href":"https:\/\/blogdoedvaldomagalhaes.com.br\/index.php\/wp-json\/wp\/v2\/categories?post=7859"},{"taxonomy":"post_tag","embeddable":true,"href":"https:\/\/blogdoedvaldomagalhaes.com.br\/index.php\/wp-json\/wp\/v2\/tags?post=7859"}],"curies":[{"name":"wp","href":"https:\/\/api.w.org\/{rel}","templated":true}]}}