{"id":7858,"date":"2016-10-28T22:14:00","date_gmt":"2016-10-29T00:14:00","guid":{"rendered":"http:\/\/blogdoedvaldomagalhaes.com.br\/index.php\/2016\/10\/28\/raquel-lyra-recebe-apoio-de-dirigentes\/"},"modified":"2019-02-09T01:04:18","modified_gmt":"2019-02-09T03:04:18","slug":"raquel-lyra-recebe-apoio-de-dirigentes","status":"publish","type":"post","link":"https:\/\/blogdoedvaldomagalhaes.com.br\/index.php\/2016\/10\/28\/raquel-lyra-recebe-apoio-de-dirigentes\/","title":{"rendered":"Raquel Lyra recebe apoio de dirigentes e militantes do PT Caruaru"},"content":{"rendered":"<pre class=\"aLF-aPX-K0-aPE aLF-aPX-aLK-ayr-auR\" style=\"background-color: white; text-align: justify; user-select: text; word-wrap: break-word;\"><div class=\"separator\" style=\"clear: both; text-align: center; white-space: pre-wrap;\">\n<a href=\"https:\/\/1.bp.blogspot.com\/-1k3AcDGhvYQ\/WBPK0hAIkDI\/AAAAAAAAI1I\/cGcYmoqREwEJVnPIrH-GAMbgn69zowobwCLcB\/s1600\/raquel.jpg\" imageanchor=\"1\" style=\"margin-left: 1em; margin-right: 1em;\"><img loading=\"lazy\" decoding=\"async\" border=\"0\" height=\"300\" src=\"http:\/\/blogdoedvaldomagalhaes.com.br\/wp-content\/uploads\/2016\/10\/raquel-9.jpg\" width=\"400\" \/><\/a><\/div>\n<div style=\"text-align: justify;\">\n<div class=\"MsoNormal\" style=\"background-attachment: initial; background-clip: initial; background-image: initial; background-origin: initial; background-position: initial; background-repeat: initial; background-size: initial; line-height: normal; margin-bottom: 0.0001pt;\">\n\nO Blog recebeu esta<b> Nota <\/b>de Adilson Lira: Porque n\u00f3s, dirigentes, militantes e simpatizantes do PT de Caruaru decidimos votar e apoiar Raquel Lyra, no segundo turno.\n\n1. N\u00f3s, militantes, filiados e simpatizantes do PT de Caruaru,\nreconhecendo como coerente a posi\u00e7\u00e3o adotada pelo partido de autonomia e\nindepend\u00eancia pol\u00edtica e a libera\u00e7\u00e3o dos\/das filiados e filiadas para\nvotarmos  de acordo com nossa consci\u00eancia\npol\u00edtica, vimos publicamente nos posicionar, quanto ao segundo turno das\nelei\u00e7\u00f5es municipais.\n\n2. Optamos pelo voto e apoio \u00e0 candidatura da deputada estadual Raquel\nLyra, por entendemos que, comparada \u00e0 candidatura advers\u00e1ria, ela \u00e9 a melhor\nalternativa para governar Caruaru pelos pr\u00f3ximos 4 anos.\n\n3. Portanto, votaremos e apoiaremos a candidata Raquel Lyra, apesar do\npartido no qual est\u00e1 filiada (PSDB), por entendermos que ela \u00e9 hoje a melhor\nalternativa pro munic\u00edpio.\n\n4. N\u00e3o defendemos \"o voto nulo.\" Respeitamos quem assim se\nposiciona, mas entendemos que n\u00e3o votar ou anular o voto ser\u00e1 o mesmo que\ncolaborar com a candidatura verdadeiramente conservadora do deputado estadual e\nex-prefeito, Tony Gel (PMDB).\n\n5. Raquel Lyra \u00e9 integrante de um grupo pol\u00edtico que\n\"historicamente se posicionou no campo democr\u00e1tico e popular no nosso\nmunic\u00edpio.\" Figuras como o ex-deputado federal e ex-ministro da justi\u00e7a,\nFernando Lyra e tamb\u00e9m o ex-prefeito de Caruaru, Jo\u00e3o Lyra Filho s\u00e3o a prova\ndisso!\n\n6. Continuaremos fazendo o combate aos golpistas do PMDB; PSDB e seus\naliados, e, n\u00e3o nos furtaremos de nos posicionar em Caruaru, nessas elei\u00e7\u00f5es\nmunicipais, contra a candidatura conservadora e do retrocesso. Basta lembrarmos\ndos dois mandatos do candidato conservador e da sua infeliz responsabilidade\npela ascens\u00e3o de Neguinho Teixeira \u00e0 prefeitura de Caruaru num passado que n\u00e3o\nqueremos que volte!\n\nPor esses e tantos outros motivos, no pr\u00f3ximo domingo, 30.10.2016,\nvotaremos em Raquel Lyra, para prefeita de Caruaru\n\nCaruaru-PE, sexta-feira, 28 de outubro de 2016.\n\n\n<br \/>\n<div class=\"MsoNormal\" style=\"background-attachment: initial; background-clip: initial; background-image: initial; background-origin: initial; background-position: initial; background-repeat: initial; background-size: initial; line-height: normal; margin-bottom: 0.0001pt;\">\n*1. Pedro do Amor* Primeiro vice-presidente do PT Caruaru e l\u00edder comunit\u00e1rio nas Rendeiras<\/div>\n<div class=\"MsoNormal\" style=\"background-attachment: initial; background-clip: initial; background-image: initial; background-origin: initial; background-position: initial; background-repeat: initial; background-size: initial; line-height: normal; margin-bottom: 0.0001pt;\">\n(Cohab III).<\/div>\n<div class=\"MsoNormal\" style=\"background-attachment: initial; background-clip: initial; background-image: initial; background-origin: initial; background-position: initial; background-repeat: initial; background-size: initial; line-height: normal; margin-bottom: 0.0001pt;\">\n*2. Adenilma Borges* Secret\u00e1ria de Finan\u00e7as e Planejamento do PT Caruaru.<\/div>\n\n\n*3. Geraldo Medeiros* Membro da Executiva Municipal do PT Caruaru.<br \/>\n\n\n<div class=\"MsoNormal\" style=\"background-attachment: initial; background-clip: initial; background-image: initial; background-origin: initial; background-position: initial; background-repeat: initial; background-size: initial; line-height: normal; margin-bottom: 0.0001pt;\">\n*4. Nativa Maria* Servidora p\u00fablica aposentada; Membro da Executiva Municipal do PT<\/div>\n<div class=\"MsoNormal\" style=\"background-attachment: initial; background-clip: initial; background-image: initial; background-origin: initial; background-position: initial; background-repeat: initial; background-size: initial; line-height: normal; margin-bottom: 0.0001pt;\">\nCaruaru.<\/div>\n<div class=\"MsoNormal\" style=\"background-attachment: initial; background-clip: initial; background-image: initial; background-origin: initial; background-position: initial; background-repeat: initial; background-size: initial; line-height: normal; margin-bottom: 0.0001pt;\">\n*5. Filipe Jos\u00e9* (de Serrote dos Bois) Professor; p\u00f3s graduado em Hist\u00f3ria; Agente Comunit\u00e1rio de Sa\u00fade; foi<\/div>\n<div class=\"MsoNormal\" style=\"background-attachment: initial; background-clip: initial; background-image: initial; background-origin: initial; background-position: initial; background-repeat: initial; background-size: initial; line-height: normal; margin-bottom: 0.0001pt;\">\ncandidato a vereador pelo PT Caruaru e \u00e9 integrante do Movimento Social\n\"Via Trabalho\".<\/div>\n<div class=\"MsoNormal\" style=\"background-attachment: initial; background-clip: initial; background-image: initial; background-origin: initial; background-position: initial; background-repeat: initial; background-size: initial; line-height: normal; margin-bottom: 0.0001pt;\">\n<br \/><\/div>\n<div class=\"MsoNormal\" style=\"background-attachment: initial; background-clip: initial; background-image: initial; background-origin: initial; background-position: initial; background-repeat: initial; background-size: initial; line-height: normal; margin-bottom: 0.0001pt;\">\n*6. Aldir Jos\u00e9 (do Alto do Moura)* Professor; p\u00f3s-graduado em Hist\u00f3ria; presidente da Associa\u00e7\u00e3o dos<\/div>\n<div class=\"MsoNormal\" style=\"background-attachment: initial; background-clip: initial; background-image: initial; background-origin: initial; background-position: initial; background-repeat: initial; background-size: initial; line-height: normal; margin-bottom: 0.0001pt;\">\nMoradores e Artes\u00e3os do Alto do Moura; foi candidato a vereador pelo PT\nCaruaru.<\/div>\n\n\n<div class=\"MsoNormal\" style=\"background-attachment: initial; background-clip: initial; background-image: initial; background-origin: initial; background-position: initial; background-repeat: initial; background-size: initial; line-height: normal; margin-bottom: 0.0001pt;\">\n*7. Orlando Macedo* M\u00e9dico; Chefe do Hemope em Caruaru; filiado e militante do PT Caruaru.<\/div>\n\n\n*8. Daisy Lima Gomes* Empres\u00e1ria; filiada e militante do PT Caruaru.<br \/>\n\n\n*9. Vandombembwa Lira* Acad\u00eamica em Direito; Servidora P\u00fablica Municipal; Filiada e militante<br \/>\n<div class=\"MsoNormal\" style=\"background-attachment: initial; background-clip: initial; background-image: initial; background-origin: initial; background-position: initial; background-repeat: initial; background-size: initial; line-height: normal; margin-bottom: 0.0001pt;\">\nda JPT Caruaru.<\/div>\n<div class=\"MsoNormal\" style=\"background-attachment: initial; background-clip: initial; background-image: initial; background-origin: initial; background-position: initial; background-repeat: initial; background-size: initial; line-height: normal; margin-bottom: 0.0001pt;\">\n*10. Dja Vasconcelos* Professor; Gerente de Cultura na Prefeitura Municipal de Caruaru;<\/div>\n<div class=\"MsoNormal\" style=\"background-attachment: initial; background-clip: initial; background-image: initial; background-origin: initial; background-position: initial; background-repeat: initial; background-size: initial; line-height: normal; margin-bottom: 0.0001pt;\">\nfiliado e militante do PT.<\/div>\n<div class=\"MsoNormal\" style=\"background-attachment: initial; background-clip: initial; background-image: initial; background-origin: initial; background-position: initial; background-repeat: initial; background-size: initial; line-height: normal; margin-bottom: 0.0001pt;\">\n*11. Daniel Amorim* Servidor P\u00fablico Federal; Sindicalista (SINDSEP), filiado e militante do<\/div>\n<div class=\"MsoNormal\" style=\"background-attachment: initial; background-clip: initial; background-image: initial; background-origin: initial; background-position: initial; background-repeat: initial; background-size: initial; line-height: normal; margin-bottom: 0.0001pt;\">\nPT Caruaru.<\/div>\n\n\n*12. Wandelson Ramos* Comerci\u00e1rio, filiado e militante do PT Caruaru.<br \/>\n\n\n<div class=\"MsoNormal\" style=\"background-attachment: initial; background-clip: initial; background-image: initial; background-origin: initial; background-position: initial; background-repeat: initial; background-size: initial; line-height: normal; margin-bottom: 0.0001pt;\">\n*13. Ingrid Santos* Aut\u00f4noma; filiada e militante do PT Caruaru.<\/div>\n<div class=\"MsoNormal\" style=\"background-attachment: initial; background-clip: initial; background-image: initial; background-origin: initial; background-position: initial; background-repeat: initial; background-size: initial; line-height: normal; margin-bottom: 0.0001pt;\">\n*14.Tyago Carvalho* Graduado em Designer; militante do Movimento Social \"Via<\/div>\n<div class=\"MsoNormal\" style=\"background-attachment: initial; background-clip: initial; background-image: initial; background-origin: initial; background-position: initial; background-repeat: initial; background-size: initial; line-height: normal; margin-bottom: 0.0001pt;\">\nTrabalho\", filiado e militante da JPT Caruaru.<\/div>\n<div class=\"MsoNormal\" style=\"background-attachment: initial; background-clip: initial; background-image: initial; background-origin: initial; background-position: initial; background-repeat: initial; background-size: initial; line-height: normal; margin-bottom: 0.0001pt;\">\n*15. Catarina Lacerda* Universit\u00e1ria (Curso de Psicologia); militante da JPT Caruaru e do<\/div>\n<div class=\"MsoNormal\" style=\"background-attachment: initial; background-clip: initial; background-image: initial; background-origin: initial; background-position: initial; background-repeat: initial; background-size: initial; line-height: normal; margin-bottom: 0.0001pt;\">\nColetivo Caral\u00e2mpia.<\/div>\n<div class=\"MsoNormal\" style=\"background-attachment: initial; background-clip: initial; background-image: initial; background-origin: initial; background-position: initial; background-repeat: initial; background-size: initial; line-height: normal; margin-bottom: 0.0001pt;\">\n*16. Telma Barbosa* Servidora P\u00fablica Federal (Receita Federal); filiada e militante do PT<\/div>\n<div class=\"MsoNormal\" style=\"background-attachment: initial; background-clip: initial; background-image: initial; background-origin: initial; background-position: initial; background-repeat: initial; background-size: initial; line-height: normal; margin-bottom: 0.0001pt;\">\nCaruaru.<\/div>\n<div class=\"MsoNormal\" style=\"background-attachment: initial; background-clip: initial; background-image: initial; background-origin: initial; background-position: initial; background-repeat: initial; background-size: initial; line-height: normal; margin-bottom: 0.0001pt;\">\n*17. Eva Lira* Graduada em pedagogia, com especializa\u00e7\u00e3o em orienta\u00e7\u00e3o pedag\u00f3gica;<\/div>\n<div class=\"MsoNormal\" style=\"background-attachment: initial; background-clip: initial; background-image: initial; background-origin: initial; background-position: initial; background-repeat: initial; background-size: initial; line-height: normal; margin-bottom: 0.0001pt;\">\nProfessora e militante do PT Caruaru.<\/div>\n<div class=\"MsoNormal\" style=\"background-attachment: initial; background-clip: initial; background-image: initial; background-origin: initial; background-position: initial; background-repeat: initial; background-size: initial; line-height: normal; margin-bottom: 0.0001pt;\">\n*18. Helio Fernando* L\u00edder comunit\u00e1rio (vice-presidente da Associa\u00e7\u00e3o dos Moradores da Vila<\/div>\n<div class=\"MsoNormal\" style=\"background-attachment: initial; background-clip: initial; background-image: initial; background-origin: initial; background-position: initial; background-repeat: initial; background-size: initial; line-height: normal; margin-bottom: 0.0001pt;\">\nKennedy); servidor p\u00fablico estadual e militante do PT Caruaru.<\/div>\n<div class=\"MsoNormal\" style=\"background-attachment: initial; background-clip: initial; background-image: initial; background-origin: initial; background-position: initial; background-repeat: initial; background-size: initial; line-height: normal; margin-bottom: 0.0001pt;\">\n*19. Reginaldo Ramos* Poeta popular; servidor p\u00fablico estadual e militante do PT Caruaru.<\/div>\n<div class=\"MsoNormal\" style=\"background-attachment: initial; background-clip: initial; background-image: initial; background-origin: initial; background-position: initial; background-repeat: initial; background-size: initial; line-height: normal; margin-bottom: 0.0001pt;\">\n*20. Ozorio Melo* Presidente da Associa\u00e7\u00e3o dos Moradores do Bairro Agamenon Magalh\u00e3es;<\/div>\n<div class=\"MsoNormal\" style=\"background-attachment: initial; background-clip: initial; background-image: initial; background-origin: initial; background-position: initial; background-repeat: initial; background-size: initial; line-height: normal; margin-bottom: 0.0001pt;\">\nservidor p\u00fablico estadual e sindicalista (SINDETRAN-PE).<\/div>\n<div class=\"MsoNormal\" style=\"background-attachment: initial; background-clip: initial; background-image: initial; background-origin: initial; background-position: initial; background-repeat: initial; background-size: initial; line-height: normal; margin-bottom: 0.0001pt;\">\n*21. Thiago Manuel* Servidor P\u00fablico Municipal e militante do PT Caruaru.<\/div>\n<div class=\"MsoNormal\" style=\"background-attachment: initial; background-clip: initial; background-image: initial; background-origin: initial; background-position: initial; background-repeat: initial; background-size: initial; line-height: normal; margin-bottom: 0.0001pt;\">\n*22. Bia Montheckio* Servidora P\u00fablica municipal e militante do PT Caruaru.<\/div>\n<div class=\"MsoNormal\" style=\"background-attachment: initial; background-clip: initial; background-image: initial; background-origin: initial; background-position: initial; background-repeat: initial; background-size: initial; line-height: normal; margin-bottom: 0.0001pt;\">\n*23. Antonio Abilio* Servidor P\u00fablico Estadual (TJPE); militante e simpatizante do PT<\/div>\n<div class=\"MsoNormal\" style=\"background-attachment: initial; background-clip: initial; background-image: initial; background-origin: initial; background-position: initial; background-repeat: initial; background-size: initial; line-height: normal; margin-bottom: 0.0001pt;\">\nCaruaru.<\/div>\n<div class=\"MsoNormal\" style=\"background-attachment: initial; background-clip: initial; background-image: initial; background-origin: initial; background-position: initial; background-repeat: initial; background-size: initial; line-height: normal; margin-bottom: 0.0001pt;\">\n*24. Almani Leite Veras* Professor; Dirigente e Militante do PT Caruaru.<\/div>\n<div class=\"MsoNormal\" style=\"background-attachment: initial; background-clip: initial; background-image: initial; background-origin: initial; background-position: initial; background-repeat: initial; background-size: initial; line-height: normal; margin-bottom: 0.0001pt;\">\n*25. Luiz Ant\u00f4nio Clemente Souza* Advogado; auditor aposentado da Receita Federal e simpatizante do PT<\/div>\n<div class=\"MsoNormal\" style=\"background-attachment: initial; background-clip: initial; background-image: initial; background-origin: initial; background-position: initial; background-repeat: initial; background-size: initial; line-height: normal; margin-bottom: 0.0001pt;\">\nCaruaru.<\/div>\n\n\n*26. Luciano Guilherme* Universit\u00e1rio; empres\u00e1rio e militante do PT Caruaru.<br \/>\n\n\n<div class=\"MsoNormal\" style=\"background-attachment: initial; background-clip: initial; background-image: initial; background-origin: initial; background-position: initial; background-repeat: initial; background-size: initial; line-height: normal; margin-bottom: 0.0001pt;\">\n*27. Luiz Rodrigues* Decorador e militante do PT Caruaru.<\/div>\n\n\n*28. Jo\u00e3o Bosco Oliveira* Empresario; graduado em sociologia e militante do PT Caruaru.<br \/>\n\n\n<div class=\"MsoNormal\" style=\"background-attachment: initial; background-clip: initial; background-image: initial; background-origin: initial; background-position: initial; background-repeat: initial; background-size: initial; line-height: normal; margin-bottom: 0.0001pt;\">\n*29. Marlene de Souza Freitas* Professora e militante do PT Caruaru.<\/div>\n\n\n*30. Alzinete Cavalcante das Neves* P\u00f3s graduada em matem\u00e1tica; Gestora da Escola Professor Jos\u00e9<br \/>\n<div class=\"MsoNormal\" style=\"background-attachment: initial; background-clip: initial; background-image: initial; background-origin: initial; background-position: initial; background-repeat: initial; background-size: initial; line-height: normal; margin-bottom: 0.0001pt;\">\nBione\/Caruaru; Coordenadora Pedag\u00f3gica da Escola Municipal Nelson Castanha\n(Bezerros\/PE) e militante do PT Caruaru.<\/div>\n<div class=\"MsoNormal\" style=\"background-attachment: initial; background-clip: initial; background-image: initial; background-origin: initial; background-position: initial; background-repeat: initial; background-size: initial; line-height: normal; margin-bottom: 0.0001pt;\">\n*31. Adriana Gomes* Fot\u00f3grafa e simpatizante do PT Caruaru.<\/div>\n<div class=\"MsoNormal\" style=\"background-attachment: initial; background-clip: initial; background-image: initial; background-origin: initial; background-position: initial; background-repeat: initial; background-size: initial; line-height: normal; margin-bottom: 0.0001pt;\">\n*32. Darci Costalonga* Professor; p\u00f3s graduado em (...);&nbsp; agente comunit\u00e1rio de sa\u00fade e militante do PT Caruaru.<\/div>\n\n\n*33. Heleno Trajano* Professor; p\u00f3s graduado em (...) e militante do PT Caruaru.<br \/>\n\n\n<div class=\"MsoNormal\" style=\"background-attachment: initial; background-clip: initial; background-image: initial; background-origin: initial; background-position: initial; background-repeat: initial; background-size: initial; line-height: normal; margin-bottom: 0.0001pt;\">\n*34. Antonio Siqueira* Graduado em medicina (m\u00e9dico - cl\u00ednico geral) e militante do PT Caruaru.<\/div>\n<div class=\"MsoNormal\" style=\"background-attachment: initial; background-clip: initial; background-image: initial; background-origin: initial; background-position: initial; background-repeat: initial; background-size: initial; line-height: normal; margin-bottom: 0.0001pt;\">\n*35. Gislane Amorim* Graduada; mestranda em psicologia e militante do PT Caruaru.<\/div>\n\n\n*36. Isa Rocha* Graduada em administra\u00e7\u00e3o; MBA em gest\u00e3o de neg\u00f3cios e militante do PT<br \/>\n<div class=\"MsoNormal\" style=\"background-attachment: initial; background-clip: initial; background-image: initial; background-origin: initial; background-position: initial; background-repeat: initial; background-size: initial; line-height: normal; margin-bottom: 0.0001pt;\">\nCaruaru.<\/div>\n\n\n*37. Edvan Ramos* Empres\u00e1rio e militante do PT Caruaru.<br \/>\n\n\n*38. F\u00e1tima Ramos* Empres\u00e1ria e militante do PT Caruaru.<br \/>\n\n\n<div class=\"MsoNormal\" style=\"background-attachment: initial; background-clip: initial; background-image: initial; background-origin: initial; background-position: initial; background-repeat: initial; background-size: initial; line-height: normal; margin-bottom: 0.0001pt;\">\n*39. Carlos Silva* Professor graduado; assessor legislativo e simpatizante do PT Caruaru.<\/div>\n\n\n*40. Izaura Fran\u00e7a* Graduada em psicologia e militante do PT Caruaru.<br \/>\n\n\n<div class=\"MsoNormal\" style=\"background-attachment: initial; background-clip: initial; background-image: initial; background-origin: initial; background-position: initial; background-repeat: initial; background-size: initial; line-height: normal; margin-bottom: 0.0001pt;\">\n*41. Roberto Martins* Graduado; Professor universit\u00e1rio; ex-presidente do PT Caruaru.<\/div>\n<div class=\"MsoNormal\" style=\"background-attachment: initial; background-clip: initial; background-image: initial; background-origin: initial; background-position: initial; background-repeat: initial; background-size: initial; line-height: normal; margin-bottom: 0.0001pt;\">\n*42. Marta Vanderlei Moraes* Professora com gradua\u00e7\u00e3o em ci\u00eancias sociais (FAFICA); especializa\u00e7\u00e3o em<\/div>\n<div class=\"MsoNormal\" style=\"background-attachment: initial; background-clip: initial; background-image: initial; background-origin: initial; background-position: initial; background-repeat: initial; background-size: initial; line-height: normal; margin-bottom: 0.0001pt;\">\npol\u00edticas p\u00fablicas (ASCES) e militante do PT Caruaru.<\/div>\n<div class=\"MsoNormal\" style=\"background-attachment: initial; background-clip: initial; background-image: initial; background-origin: initial; background-position: initial; background-repeat: initial; background-size: initial; line-height: normal; margin-bottom: 0.0001pt;\">\n*43. Kavita Lira* Secret\u00e1rio de Comunica\u00e7\u00e3o do PT Caruaru e militante da JPT Caruaru.<\/div>\n<div class=\"MsoNormal\" style=\"background-attachment: initial; background-clip: initial; background-image: initial; background-origin: initial; background-position: initial; background-repeat: initial; background-size: initial; line-height: normal; margin-bottom: 0.0001pt;\">\n*44. Kleber Santiago* Bacharel em Direito; militante pol\u00edtico e simpatizante do PT Caruaru.<\/div>\n<div class=\"MsoNormal\" style=\"background-attachment: initial; background-clip: initial; background-image: initial; background-origin: initial; background-position: initial; background-repeat: initial; background-size: initial; line-height: normal; margin-bottom: 0.0001pt;\">\n*45. Adeilton Magalh\u00e3es* Graduado em Gest\u00e3o Ambiental; Dirigente do Sindicato dos Agentes<\/div>\n<div class=\"MsoNormal\" style=\"background-attachment: initial; background-clip: initial; background-image: initial; background-origin: initial; background-position: initial; background-repeat: initial; background-size: initial; line-height: normal; margin-bottom: 0.0001pt;\">\nComunit\u00e1rios de Sa\u00fade; militante e filiado do PT Caruaru.<\/div>\n<div class=\"MsoNormal\" style=\"background-attachment: initial; background-clip: initial; background-image: initial; background-origin: initial; background-position: initial; background-repeat: initial; background-size: initial; line-height: normal; margin-bottom: 0.0001pt;\">\n*46. Lene Menezes* Profissional aut\u00f4noma; militante e simpatizante do PT.<\/div>\n<div class=\"MsoNormal\" style=\"background-attachment: initial; background-clip: initial; background-image: initial; background-origin: initial; background-position: initial; background-repeat: initial; background-size: initial; line-height: normal; margin-bottom: 0.0001pt;\">\n*47. Jos\u00e9 Barros* Aposentado; filiado e militante do PT Caruaru.<\/div>\n<div class=\"MsoNormal\" style=\"background-attachment: initial; background-clip: initial; background-image: initial; background-origin: initial; background-position: initial; background-repeat: initial; background-size: initial; line-height: normal; margin-bottom: 0.0001pt;\">\n*48. Cibele Maria* Funcion\u00e1ria p\u00fablica e militante do PT Caruaru.<\/div>\n\n\n*49. Le\u00f4ncio Serra Seca* Professor de artes marciais; militante e simpatizante do PT Caruaru.<br \/>\n\n\n<div class=\"MsoNormal\" style=\"background-attachment: initial; background-clip: initial; background-image: initial; background-origin: initial; background-position: initial; background-repeat: initial; background-size: initial; line-height: normal; margin-bottom: 0.0001pt;\">\n*50. Laudenor Pereira* Professor com Mestrado em Geografia; Coordenador do Col\u00e9gio Santo Amaro;<\/div>\n<div class=\"MsoNormal\" style=\"background-attachment: initial; background-clip: initial; background-image: initial; background-origin: initial; background-position: initial; background-repeat: initial; background-size: initial; line-height: normal; margin-bottom: 0.0001pt;\">\nmilitante, filiado e um dos fundadores do PT Caruaru.<\/div>\n\n\n<div class=\"MsoNormal\" style=\"background-attachment: initial; background-clip: initial; background-image: initial; background-origin: initial; background-position: initial; background-repeat: initial; background-size: initial; line-height: normal; margin-bottom: 0.0001pt;\">\nAdilson Lira: *Amigo, divulgue essa nota, por gentileza!* Grato pela aten\u00e7\u00e3o!*<\/div>\n\n\n\n<\/div>\n<\/div>\n<\/pre>\n<pre class=\"aLF-aPX-K0-aPE aLF-aPX-aLK-ayr-auR\" style=\"background-color: white; text-align: justify; user-select: text; word-wrap: break-word;\"><\/pre>\n","protected":false},"excerpt":{"rendered":"<p>O Blog recebeu esta Nota de Adilson Lira: Porque n\u00f3s, dirigentes, militantes e simpatizantes do PT de Caruaru decidimos votar&hellip;<\/p>\n","protected":false},"author":1,"featured_media":0,"comment_status":"open","ping_status":"open","sticky":false,"template":"","format":"standard","meta":{"footnotes":""},"categories":[1],"tags":[2410,2,11467,11468,11469,11470],"class_list":["post-7858","post","type-post","status-publish","format-standard","hentry","category-sem-categoria","tag-adilson-lira","tag-blog-do-edvaldo-magalhaes","tag-dja-vasconcelos","tag-eleicao-2016","tag-pedro-do-amor","tag-raquel-lyra-recebe-apoio-de-dirigentes-e-militantes-do-pt-caruaru"],"_links":{"self":[{"href":"https:\/\/blogdoedvaldomagalhaes.com.br\/index.php\/wp-json\/wp\/v2\/posts\/7858","targetHints":{"allow":["GET"]}}],"collection":[{"href":"https:\/\/blogdoedvaldomagalhaes.com.br\/index.php\/wp-json\/wp\/v2\/posts"}],"about":[{"href":"https:\/\/blogdoedvaldomagalhaes.com.br\/index.php\/wp-json\/wp\/v2\/types\/post"}],"author":[{"embeddable":true,"href":"https:\/\/blogdoedvaldomagalhaes.com.br\/index.php\/wp-json\/wp\/v2\/users\/1"}],"replies":[{"embeddable":true,"href":"https:\/\/blogdoedvaldomagalhaes.com.br\/index.php\/wp-json\/wp\/v2\/comments?post=7858"}],"version-history":[{"count":1,"href":"https:\/\/blogdoedvaldomagalhaes.com.br\/index.php\/wp-json\/wp\/v2\/posts\/7858\/revisions"}],"predecessor-version":[{"id":13600,"href":"https:\/\/blogdoedvaldomagalhaes.com.br\/index.php\/wp-json\/wp\/v2\/posts\/7858\/revisions\/13600"}],"wp:attachment":[{"href":"https:\/\/blogdoedvaldomagalhaes.com.br\/index.php\/wp-json\/wp\/v2\/media?parent=7858"}],"wp:term":[{"taxonomy":"category","embeddable":true,"href":"https:\/\/blogdoedvaldomagalhaes.com.br\/index.php\/wp-json\/wp\/v2\/categories?post=7858"},{"taxonomy":"post_tag","embeddable":true,"href":"https:\/\/blogdoedvaldomagalhaes.com.br\/index.php\/wp-json\/wp\/v2\/tags?post=7858"}],"curies":[{"name":"wp","href":"https:\/\/api.w.org\/{rel}","templated":true}]}}