{"id":7857,"date":"2016-10-28T22:32:00","date_gmt":"2016-10-29T00:32:00","guid":{"rendered":"http:\/\/blogdoedvaldomagalhaes.com.br\/index.php\/2016\/10\/28\/justica-eleitoral-suspende-divulgacao\/"},"modified":"2019-02-09T01:04:19","modified_gmt":"2019-02-09T03:04:19","slug":"justica-eleitoral-suspende-divulgacao","status":"publish","type":"post","link":"https:\/\/blogdoedvaldomagalhaes.com.br\/index.php\/2016\/10\/28\/justica-eleitoral-suspende-divulgacao\/","title":{"rendered":"Justi\u00e7a eleitoral suspende divulga\u00e7\u00e3o de pesquisa do Instituto Paran\u00e1 de domingo para prefeito de Caruaru"},"content":{"rendered":"<div class=\"separator\" style=\"clear: both; text-align: center;\">\n<a href=\"https:\/\/2.bp.blogspot.com\/-MKk3psmUZIg\/WBPRRLDhD6I\/AAAAAAAAI1Y\/FYeUiB6jNDg78_gGTKdknfrXudxaHvDhQCLcB\/s1600\/tony%255B.jpg\" imageanchor=\"1\" style=\"margin-left: 1em; margin-right: 1em;\"><img loading=\"lazy\" decoding=\"async\" border=\"0\" height=\"400\" src=\"http:\/\/blogdoedvaldomagalhaes.com.br\/wp-content\/uploads\/2016\/10\/tony5B.jpg\" width=\"263\" \/><\/a><\/div>\n<div style=\"background-color: white; border: 0px; margin-bottom: 1.5em; outline: 0px; padding: 0px; text-align: justify; vertical-align: baseline;\">\nA Justi\u00e7a Eleitoral suspendeu a divulga\u00e7\u00e3o de mais uma pesquisa eleitoral em Caruaru. Nesta sexta-feira (28), concedeu decis\u00e3o liminar determinando que a pesquisa do Instituto Paran\u00e1, que tinha divulga\u00e7\u00e3o prevista para domingo dia da elei\u00e7\u00e3o (30), n\u00e3o seja divulgada, at\u00e9 que sejam esclarecidas omiss\u00f5es observadas no registro da pesquisa. Segundo a Ju\u00edza Orleide Ros\u00e9lia Nascimento Silva, da 105\u00aa Zona Eleitoral, respons\u00e1vel pelas pesquisas eleitorais, n\u00e3o consta no registro da pesquisa informa\u00e7\u00f5es quanto \u00e0 nota fiscal, documento que comprova a origem dos recursos gastos na pesquisa e, considerando o peso de uma pesquisa eleitoral no convencimento do eleitor, tal omiss\u00e3o n\u00e3o pode ser ignorada pela Justi\u00e7a Eleitoral.<\/div>\n<div style=\"background-color: white; border: 0px; margin-bottom: 1.5em; outline: 0px; padding: 0px; text-align: justify; vertical-align: baseline;\">\nDe acordo com a Ju\u00edza, caso a empresa divulgue os resultados da pesquisa sem suprir a omiss\u00e3o apontada na decis\u00e3o, ser\u00e1 aplicada multa no valor de R$ 6.200,00 sem preju\u00edzo da san\u00e7\u00e3o penal prevista em lei. Durante a semana tamb\u00e9m foram suspensas as divulga\u00e7\u00f5es das pesquisas do Verit\u00e1 e Ideia.&nbsp;<\/div>\n","protected":false},"excerpt":{"rendered":"<p>A Justi\u00e7a Eleitoral suspendeu a divulga\u00e7\u00e3o de mais uma pesquisa eleitoral em Caruaru. Nesta sexta-feira (28), concedeu decis\u00e3o liminar determinando&hellip;<\/p>\n","protected":false},"author":1,"featured_media":0,"comment_status":"open","ping_status":"open","sticky":false,"template":"","format":"standard","meta":{"footnotes":""},"categories":[1],"tags":[2,11431,11465,11466],"class_list":["post-7857","post","type-post","status-publish","format-standard","hentry","category-sem-categoria","tag-blog-do-edvaldo-magalhaes","tag-eleicoes-2016","tag-justica-eleitoral-suspende-divulgacao-de-pesquisa-do-instituto-parana-de-domingo-para-prefeito-de-caruaru","tag-orleide-roselia-nascimento-silva"],"_links":{"self":[{"href":"https:\/\/blogdoedvaldomagalhaes.com.br\/index.php\/wp-json\/wp\/v2\/posts\/7857","targetHints":{"allow":["GET"]}}],"collection":[{"href":"https:\/\/blogdoedvaldomagalhaes.com.br\/index.php\/wp-json\/wp\/v2\/posts"}],"about":[{"href":"https:\/\/blogdoedvaldomagalhaes.com.br\/index.php\/wp-json\/wp\/v2\/types\/post"}],"author":[{"embeddable":true,"href":"https:\/\/blogdoedvaldomagalhaes.com.br\/index.php\/wp-json\/wp\/v2\/users\/1"}],"replies":[{"embeddable":true,"href":"https:\/\/blogdoedvaldomagalhaes.com.br\/index.php\/wp-json\/wp\/v2\/comments?post=7857"}],"version-history":[{"count":1,"href":"https:\/\/blogdoedvaldomagalhaes.com.br\/index.php\/wp-json\/wp\/v2\/posts\/7857\/revisions"}],"predecessor-version":[{"id":13602,"href":"https:\/\/blogdoedvaldomagalhaes.com.br\/index.php\/wp-json\/wp\/v2\/posts\/7857\/revisions\/13602"}],"wp:attachment":[{"href":"https:\/\/blogdoedvaldomagalhaes.com.br\/index.php\/wp-json\/wp\/v2\/media?parent=7857"}],"wp:term":[{"taxonomy":"category","embeddable":true,"href":"https:\/\/blogdoedvaldomagalhaes.com.br\/index.php\/wp-json\/wp\/v2\/categories?post=7857"},{"taxonomy":"post_tag","embeddable":true,"href":"https:\/\/blogdoedvaldomagalhaes.com.br\/index.php\/wp-json\/wp\/v2\/tags?post=7857"}],"curies":[{"name":"wp","href":"https:\/\/api.w.org\/{rel}","templated":true}]}}