{"id":7856,"date":"2016-10-28T22:54:00","date_gmt":"2016-10-29T00:54:00","guid":{"rendered":"http:\/\/blogdoedvaldomagalhaes.com.br\/index.php\/2016\/10\/28\/juiz-proibe-carreata-de-raquel-lyra-no\/"},"modified":"2019-02-09T01:04:20","modified_gmt":"2019-02-09T03:04:20","slug":"juiz-proibe-carreata-de-raquel-lyra-no","status":"publish","type":"post","link":"https:\/\/blogdoedvaldomagalhaes.com.br\/index.php\/2016\/10\/28\/juiz-proibe-carreata-de-raquel-lyra-no\/","title":{"rendered":"Juiz pro\u00edbe carreata de Raquel Lyra no hor\u00e1rio reservado \u00e0 Tony Gel"},"content":{"rendered":"<p><\/p>\n<div class=\"separator\" style=\"clear: both; text-align: center;\">\n<a href=\"https:\/\/3.bp.blogspot.com\/-kw0OX96slfU\/WBPW49_wiEI\/AAAAAAAAI1o\/jpbxgy6oZKoWpkZOwf9ljhCmjeWV8B3awCLcB\/s1600\/justi%25C3%25A7a.jpg\" imageanchor=\"1\" style=\"margin-left: 1em; margin-right: 1em;\"><img loading=\"lazy\" decoding=\"async\" border=\"0\" height=\"360\" src=\"http:\/\/blogdoedvaldomagalhaes.com.br\/wp-content\/uploads\/2016\/10\/justiC3A7a.jpg\" width=\"400\" \/><\/a><\/div>\n<div style=\"text-align: justify;\">\n<\/div>\n<div style=\"text-align: justify;\">\nNOTA DE ESCLARECIMENTO<\/div>\n<div style=\"text-align: justify;\">\n<\/div>\n<div style=\"text-align: justify;\">\nO juiz da propaganda eleitoral em Caruaru, Dr. Bras\u00edlio Guerra, da 41\u00b0 Zona Eleitoral, julgou procedente representa\u00e7\u00e3o protocolada pela Coliga\u00e7\u00e3o &#8216;A For\u00e7a do Povo&#8217;, que requereu que fosse garantida a realiza\u00e7\u00e3o de carretada com exclusividade neste s\u00e1bado (29), a partir das 15h com t\u00e9rmino as 19h, pelo candidato Tony Gel.<\/div>\n<p><\/p>\n<div style=\"text-align: justify;\">\n<\/div>\n<div style=\"text-align: justify;\">\nSegundo a decis\u00e3o do Magistrado, a candidata Raquel Lyra e a Coliga\u00e7\u00e3o Juntos por Caruaru, n\u00e3o poder\u00e3o realizar carreata no hor\u00e1rio reservado a coliga\u00e7\u00e3o do candidato Tony Gel, sob pena de multa arbitrada em 2.000,000,00 (dois milh\u00f5es de reais), com advert\u00eancia de pris\u00e3o dos respons\u00e1veis pelo evento no caso de descumprimento.<\/div>\n<div style=\"text-align: justify;\">\n<\/div>\n<div style=\"text-align: justify;\">\nAinda de acordo com o Magistrado, a carreata da Coliga\u00e7\u00e3o &#8216;Juntos por Caruaru&#8217; pode ser realizada s\u00f3 no hor\u00e1rio das 8h \u00e0s 13h, do s\u00e1bado, devendo abster-se tamb\u00e9m de passar em frente ao comit\u00ea do candidato Tony Gel.<\/div>\n","protected":false},"excerpt":{"rendered":"<p>NOTA DE ESCLARECIMENTO O juiz da propaganda eleitoral em Caruaru, Dr. Bras\u00edlio Guerra, da 41\u00b0 Zona Eleitoral, julgou procedente representa\u00e7\u00e3o&hellip;<\/p>\n","protected":false},"author":1,"featured_media":0,"comment_status":"open","ping_status":"open","sticky":false,"template":"","format":"standard","meta":{"footnotes":""},"categories":[1],"tags":[2,10171,11431,11464],"class_list":["post-7856","post","type-post","status-publish","format-standard","hentry","category-sem-categoria","tag-blog-do-edvaldo-magalhaes","tag-brasilio-guerra","tag-eleicoes-2016","tag-juiz-proibe-carreata-de-raquel-lyra-no-horario-reservado-a-tony-gel"],"_links":{"self":[{"href":"https:\/\/blogdoedvaldomagalhaes.com.br\/index.php\/wp-json\/wp\/v2\/posts\/7856","targetHints":{"allow":["GET"]}}],"collection":[{"href":"https:\/\/blogdoedvaldomagalhaes.com.br\/index.php\/wp-json\/wp\/v2\/posts"}],"about":[{"href":"https:\/\/blogdoedvaldomagalhaes.com.br\/index.php\/wp-json\/wp\/v2\/types\/post"}],"author":[{"embeddable":true,"href":"https:\/\/blogdoedvaldomagalhaes.com.br\/index.php\/wp-json\/wp\/v2\/users\/1"}],"replies":[{"embeddable":true,"href":"https:\/\/blogdoedvaldomagalhaes.com.br\/index.php\/wp-json\/wp\/v2\/comments?post=7856"}],"version-history":[{"count":1,"href":"https:\/\/blogdoedvaldomagalhaes.com.br\/index.php\/wp-json\/wp\/v2\/posts\/7856\/revisions"}],"predecessor-version":[{"id":13604,"href":"https:\/\/blogdoedvaldomagalhaes.com.br\/index.php\/wp-json\/wp\/v2\/posts\/7856\/revisions\/13604"}],"wp:attachment":[{"href":"https:\/\/blogdoedvaldomagalhaes.com.br\/index.php\/wp-json\/wp\/v2\/media?parent=7856"}],"wp:term":[{"taxonomy":"category","embeddable":true,"href":"https:\/\/blogdoedvaldomagalhaes.com.br\/index.php\/wp-json\/wp\/v2\/categories?post=7856"},{"taxonomy":"post_tag","embeddable":true,"href":"https:\/\/blogdoedvaldomagalhaes.com.br\/index.php\/wp-json\/wp\/v2\/tags?post=7856"}],"curies":[{"name":"wp","href":"https:\/\/api.w.org\/{rel}","templated":true}]}}