{"id":7855,"date":"2016-10-29T11:57:00","date_gmt":"2016-10-29T13:57:00","guid":{"rendered":"http:\/\/blogdoedvaldomagalhaes.com.br\/index.php\/2016\/10\/29\/eleitor-que-nao-votou-no-1-turno-podera\/"},"modified":"2019-02-09T01:04:21","modified_gmt":"2019-02-09T03:04:21","slug":"eleitor-que-nao-votou-no-1-turno-podera","status":"publish","type":"post","link":"https:\/\/blogdoedvaldomagalhaes.com.br\/index.php\/2016\/10\/29\/eleitor-que-nao-votou-no-1-turno-podera\/","title":{"rendered":"Blog esclarece d\u00favidas dos eleitores sobre as elei\u00e7\u00f5es do 2\u00ba turno"},"content":{"rendered":"<p><\/p>\n<div class=\"separator\" style=\"clear: both; text-align: center;\">\n<a href=\"https:\/\/2.bp.blogspot.com\/-xBueLK4jeN0\/WBSN6EaygWI\/AAAAAAAAI14\/j3arLn4oWXgVuaL_MjHuyIqszFW5iUYqwCLcB\/s1600\/elei%25C3%25A7%25C3%25B5es.png\" imageanchor=\"1\" style=\"margin-left: 1em; margin-right: 1em;\"><img loading=\"lazy\" decoding=\"async\" border=\"0\" height=\"241\" src=\"http:\/\/blogdoedvaldomagalhaes.com.br\/wp-content\/uploads\/2016\/10\/eleiC3A7C3B5es.png\" width=\"400\" \/><\/a><\/div>\n<div style=\"text-align: justify;\">\nO eleitor que n\u00e3o votou no primeiro turno das elei\u00e7\u00f5es municipais, no \u00faltimo dia 2 de outubro, e n\u00e3o conseguiu justificar a sua aus\u00eancia \u00e0s urnas, poder\u00e1 votar normalmente nas elei\u00e7\u00f5es deste domingo (30), para escolher prefeitos e vice-prefeitos. O segundo turno ser\u00e1 realizado em 57 cidades de 20 estados, de acordo com dados divulgados pelo Tribunal Superior Eleitoral (TSE).<\/div>\n<div style=\"text-align: justify;\">\n<\/div>\n<p><\/p>\n<div style=\"text-align: justify;\">\nQuem estiver fora do seu domic\u00edlio eleitoral neste domingo (30), o poder\u00e1 justificar o voto em qualquer local destinado ao recebimento de justificativa, apresentando o Requerimento de Justificativa Eleitoral, distribu\u00eddo no local e que tamb\u00e9m pode ser impresso no portal do TSE na internet. O eleitor ter\u00e1 de preencher o formul\u00e1rio e assin\u00e1-lo na presen\u00e7a de um mes\u00e1rio.<\/div>\n<div style=\"text-align: justify;\">\n<\/div>\n<div style=\"text-align: justify;\">\nNa hora da justificativa o eleitor ter\u00e1 que apresentar um documento de identifica\u00e7\u00e3o oficial com foto, como carteiras de identidade, de habilita\u00e7\u00e3o ou de trabalho, passaporte, identidade funcional ou qualquer outro documento de valor legal.<\/div>\n<div style=\"text-align: justify;\">\n<\/div>\n<div style=\"text-align: justify;\">\nO eleitor n\u00e3o apresentar a justificativa no dia da vota\u00e7\u00e3o, tem um prazo at\u00e9 o dia 29 de dezembro (60 dias ap\u00f3s o segundo turno) para justificar. Quem n\u00e3o votou nem justificou a aus\u00eancia no primeiro turno tem at\u00e9 o dia 1\u00ba de dezembro para faz\u00ea-lo. O Requerimento de Justificativa Eleitoral poder\u00e1 ser entregue em qualquer cart\u00f3rio ou posto de atendimento eleitoral ou encaminhado, via postal, ao cart\u00f3rio da zona eleitoral onde ele for inscrito.<\/div>\n<div style=\"text-align: justify;\">\n<\/div>\n<div style=\"text-align: justify;\">\nOs eleitores que estiverem no exterior no dia da elei\u00e7\u00e3o ter\u00e3o at\u00e9 30 dias contados da data do retorno ao Brasil para apresentar a justificativa \u00e0 Justi\u00e7a Eleitoral, podendo entreg\u00e1-la pessoalmente ou encaminh\u00e1-la pelos Correios. O requerimento deve ser apresentado \u2013 juntamente com c\u00f3pia de documento brasileiro v\u00e1lido de identifica\u00e7\u00e3o e com a prova do motivo alegado \u2013 ao respectivo cart\u00f3rio do munic\u00edpio onde o eleitor vota.<\/div>\n<div style=\"text-align: justify;\">\n<\/div>\n<div style=\"text-align: justify;\">\nO eleitor que n\u00e3o votar e n\u00e3o apresentar justificativa ficar\u00e1 impedido de tirar passaporte, inscrever-se em concurso ou prova para cargo ou fun\u00e7\u00e3o p\u00fablica, investir-se ou empossar-se neles e renovar matr\u00edcula em estabelecimento de ensino oficial ou fiscalizado pelo governo.<\/div>\n<div style=\"text-align: justify;\">\n<\/div>\n<div style=\"text-align: justify;\">\nJ\u00e1 o eleitor que n\u00e3o votar em tr\u00eas elei\u00e7\u00f5es consecutivas, n\u00e3o justificar sua aus\u00eancia e n\u00e3o quitar a multa devida ter\u00e1 sua inscri\u00e7\u00e3o cancelada. Para efeito de cancelamento, cada turno \u00e9 considerado como uma elei\u00e7\u00e3o.<\/div>\n<div style=\"text-align: justify;\">\n<\/div>\n<div style=\"text-align: justify;\">\nNo dia da vota\u00e7\u00e3o, o eleitor n\u00e3o poder\u00e1 entrar acompanhado na cabina, para preservar o sigilo do voto garantido pela Constitui\u00e7\u00e3o. No entanto, pessoas que tenham alguma restri\u00e7\u00e3o de mobilidade ou dificuldade de locomo\u00e7\u00e3o t\u00eam o direito de ser auxiliado por algu\u00e9m de sua confian\u00e7a na hora de votar.<\/div>\n<div style=\"text-align: justify;\">\n<\/div>\n<div style=\"text-align: justify;\">\nAs urnas eletr\u00f4nicas s\u00e3o identificadas com uma marca em relevo na tecla 5 para orientar o eleitor cego com rela\u00e7\u00e3o \u00e0s demais teclas e um sistema de \u00e1udio, que \u00e9 automaticamente habilitado para o eleitor que j\u00e1 se identificou \u00e0 Justi\u00e7a Eleitoral como deficiente visual.<\/div>\n","protected":false},"excerpt":{"rendered":"<p>O eleitor que n\u00e3o votou no primeiro turno das elei\u00e7\u00f5es municipais, no \u00faltimo dia 2 de outubro, e n\u00e3o conseguiu&hellip;<\/p>\n","protected":false},"author":1,"featured_media":0,"comment_status":"open","ping_status":"open","sticky":false,"template":"","format":"standard","meta":{"footnotes":""},"categories":[1],"tags":[2,11463,11431,6567,4562],"class_list":["post-7855","post","type-post","status-publish","format-standard","hentry","category-sem-categoria","tag-blog-do-edvaldo-magalhaes","tag-blog-esclarece-duvidas-dos-eleitores-sobre-as-eleicoes-do-2o-turno","tag-eleicoes-2016","tag-tribunal-superior-eleitoral","tag-tse"],"_links":{"self":[{"href":"https:\/\/blogdoedvaldomagalhaes.com.br\/index.php\/wp-json\/wp\/v2\/posts\/7855","targetHints":{"allow":["GET"]}}],"collection":[{"href":"https:\/\/blogdoedvaldomagalhaes.com.br\/index.php\/wp-json\/wp\/v2\/posts"}],"about":[{"href":"https:\/\/blogdoedvaldomagalhaes.com.br\/index.php\/wp-json\/wp\/v2\/types\/post"}],"author":[{"embeddable":true,"href":"https:\/\/blogdoedvaldomagalhaes.com.br\/index.php\/wp-json\/wp\/v2\/users\/1"}],"replies":[{"embeddable":true,"href":"https:\/\/blogdoedvaldomagalhaes.com.br\/index.php\/wp-json\/wp\/v2\/comments?post=7855"}],"version-history":[{"count":1,"href":"https:\/\/blogdoedvaldomagalhaes.com.br\/index.php\/wp-json\/wp\/v2\/posts\/7855\/revisions"}],"predecessor-version":[{"id":13606,"href":"https:\/\/blogdoedvaldomagalhaes.com.br\/index.php\/wp-json\/wp\/v2\/posts\/7855\/revisions\/13606"}],"wp:attachment":[{"href":"https:\/\/blogdoedvaldomagalhaes.com.br\/index.php\/wp-json\/wp\/v2\/media?parent=7855"}],"wp:term":[{"taxonomy":"category","embeddable":true,"href":"https:\/\/blogdoedvaldomagalhaes.com.br\/index.php\/wp-json\/wp\/v2\/categories?post=7855"},{"taxonomy":"post_tag","embeddable":true,"href":"https:\/\/blogdoedvaldomagalhaes.com.br\/index.php\/wp-json\/wp\/v2\/tags?post=7855"}],"curies":[{"name":"wp","href":"https:\/\/api.w.org\/{rel}","templated":true}]}}