{"id":7854,"date":"2016-10-29T12:32:00","date_gmt":"2016-10-29T14:32:00","guid":{"rendered":"http:\/\/blogdoedvaldomagalhaes.com.br\/index.php\/2016\/10\/29\/iml-conclui-que-bebe-encontrado-morto\/"},"modified":"2019-02-09T01:04:21","modified_gmt":"2019-02-09T03:04:21","slug":"iml-conclui-que-bebe-encontrado-morto","status":"publish","type":"post","link":"https:\/\/blogdoedvaldomagalhaes.com.br\/index.php\/2016\/10\/29\/iml-conclui-que-bebe-encontrado-morto\/","title":{"rendered":"Beb\u00ea encontrado morto ao lado de Aterro Sanit\u00e1rio de Caruaru foi assassinado"},"content":{"rendered":"<div class=\"separator\" style=\"clear: both; text-align: center;\">\n<a href=\"https:\/\/2.bp.blogspot.com\/-LpS-6OgzX18\/WBSVI2NQQcI\/AAAAAAAAI2I\/49OUaoS5Qegp9jSAmFTrRRjZ0BMIKpXdQCLcB\/s1600\/adielson.jpg\" imageanchor=\"1\" style=\"margin-left: 1em; margin-right: 1em;\"><img loading=\"lazy\" decoding=\"async\" border=\"0\" height=\"225\" src=\"http:\/\/blogdoedvaldomagalhaes.com.br\/wp-content\/uploads\/2016\/10\/adielson.jpg\" width=\"400\" \/><\/a><\/div>\n<p><\/p>\n<div class=\"separator\" style=\"clear: both; text-align: center;\">\n<a href=\"https:\/\/3.bp.blogspot.com\/-YI080rXBCh4\/WBSVKjYnxOI\/AAAAAAAAI2M\/lWa0Mav5nOwx6GZZQwXNsQewLA9joOKtQCLcB\/s1600\/adielson%2B1.jpg\" imageanchor=\"1\" style=\"margin-left: 1em; margin-right: 1em;\"><img loading=\"lazy\" decoding=\"async\" border=\"0\" height=\"225\" src=\"http:\/\/blogdoedvaldomagalhaes.com.br\/wp-content\/uploads\/2016\/10\/adielson1.jpg\" width=\"400\" \/><\/a><\/div>\n<div class=\"separator\" style=\"clear: both; text-align: center;\">\nFotos e informa\u00e7\u00f5es de Adielson Galv\u00e3o<\/div>\n<div style=\"margin-bottom: .0001pt; margin: 0cm; text-align: justify;\">\n<\/div>\n<div style=\"margin-bottom: .0001pt; margin: 0cm; text-align: justify;\">\nO corpo de<br \/>\numa crian\u00e7a rec\u00e9m nascida do sexo masculino foi encontrado na madrugada da<br \/>\nsexta-feira dia 07 de outubro ao lado do aterro sanit\u00e1rio, que fica no S\u00edtio<br \/>\nCapim, na zona rural de Caruaru. Um casal que mora pr\u00f3ximo viu os c\u00e3es latindo<br \/>\nmuito durante a madrugada, e foi ao local para saber do que se tratava, quando encontrou um corpo e<br \/>\nacionou a Pol\u00edcia Militar, que ao constatar chamou a Pol\u00edcia Civil e o IC, que<br \/>\nrealizaram o levantamento cadav\u00e9rico. O beb\u00ea ainda estava com o cord\u00e3o<br \/>\numbilical teve uma perna, um p\u00e9 e um dos bracinhos devorados pelos cachorros.<\/div>\n<div style=\"margin-bottom: .0001pt; margin: 0cm; text-align: justify;\">\n<\/div>\n<div style=\"margin: 0cm 0cm 0.0001pt; text-align: justify;\">\nPassados alguns dias o IML local que examinou o corpo emitiu<br \/>\no Laudo que constata que a crian\u00e7a foi v\u00edtima de morte violenta, que<br \/>\napresentava uma les\u00e3o na cabe\u00e7a e que foi morta por um instrumento contundente.<\/p>\n<div class=\"separator\" style=\"clear: both; text-align: center;\">\n<a href=\"https:\/\/3.bp.blogspot.com\/-ixwNIEyveJ0\/WBSZJuO0-tI\/AAAAAAAAI2Y\/C3qV7234ccAByXQAfDYAXXUZXH6KwWUdgCLcB\/s1600\/delegado.jpg\" imageanchor=\"1\" style=\"margin-left: 1em; margin-right: 1em;\"><img loading=\"lazy\" decoding=\"async\" border=\"0\" height=\"243\" src=\"http:\/\/blogdoedvaldomagalhaes.com.br\/wp-content\/uploads\/2016\/10\/delegado.jpg\" width=\"400\" \/><\/a><\/div>\n<p><\/div>\n<div style=\"margin: 0cm 0cm 0.0001pt;\">\n<\/div>\n<div style=\"text-align: justify;\">\nO<br \/>\ndelegado chefe da 19\u00aa Delegacia de Homic\u00eddios de Caruaru,&nbsp;Dr. Francisco<br \/>\nSouto Maior<b>&nbsp;<\/b>\u00e9 quem est\u00e1 investigando o caso e relatou que a \u00fanica<br \/>\nd\u00favida \u00e9 se a crian\u00e7a foi v\u00edtima de um homic\u00eddio ou de um infantic\u00eddio que<br \/>\npoderia amenizar a puni\u00e7\u00e3o para a m\u00e3e, ele disse ainda que conta com o apoio da<br \/>\npopula\u00e7\u00e3o para que denuncie quem \u00e9 a m\u00e3e do beb\u00ea e quem deu lhe apoio, pois o<br \/>\nlocal onde o corpo foi encontrado s\u00f3 \u00e9 freq\u00fcentado por quem conhece a \u00e1rea e<br \/>\nnas costas do beb\u00ea havia uma luva usada por m\u00e9dicos ou profissionais que<br \/>\ntrabalham na sa\u00fade. Ele garantiu que quem souber de algo e esteja disposto a<br \/>\najudar ter\u00e1 a garantia no anonimato e para ajudar \u00e9 s\u00f3 ligar para o<br \/>\nDisque-Den\u00fancia, que funciona de segunda a sexta no hor\u00e1rio comercial ou<br \/>\nprocure a sua delegacia na Avenida Caruaru ao lado da regional.&nbsp;<\/div>\n<div style=\"text-align: justify;\">\nCom a confirma\u00e7\u00e3o de homic\u00eddio, o caso entra para a estat\u00edstica da viol\u00eancia na<br \/>\ncidade elevando para 20 assassinatos no m\u00eas de outubro e para 183 no ano de<br \/>\n2016.<\/div>\n","protected":false},"excerpt":{"rendered":"<p>Fotos e informa\u00e7\u00f5es de Adielson Galv\u00e3o O corpo de uma crian\u00e7a rec\u00e9m nascida do sexo masculino foi encontrado na madrugada&hellip;<\/p>\n","protected":false},"author":1,"featured_media":0,"comment_status":"open","ping_status":"open","sticky":false,"template":"","format":"standard","meta":{"footnotes":""},"categories":[1],"tags":[2,11460,11461,4173,11462,3119,13],"class_list":["post-7854","post","type-post","status-publish","format-standard","hentry","category-sem-categoria","tag-blog-do-edvaldo-magalhaes","tag-delegacia-de-homicidios","tag-francisco-souto-maior","tag-ic","tag-iml-conclui-que-bebe-encontrado-morto-ao-lado-de-aterro-sanitario-de-caruaru-foi-assassinado","tag-policia-civil","tag-policial"],"_links":{"self":[{"href":"https:\/\/blogdoedvaldomagalhaes.com.br\/index.php\/wp-json\/wp\/v2\/posts\/7854","targetHints":{"allow":["GET"]}}],"collection":[{"href":"https:\/\/blogdoedvaldomagalhaes.com.br\/index.php\/wp-json\/wp\/v2\/posts"}],"about":[{"href":"https:\/\/blogdoedvaldomagalhaes.com.br\/index.php\/wp-json\/wp\/v2\/types\/post"}],"author":[{"embeddable":true,"href":"https:\/\/blogdoedvaldomagalhaes.com.br\/index.php\/wp-json\/wp\/v2\/users\/1"}],"replies":[{"embeddable":true,"href":"https:\/\/blogdoedvaldomagalhaes.com.br\/index.php\/wp-json\/wp\/v2\/comments?post=7854"}],"version-history":[{"count":1,"href":"https:\/\/blogdoedvaldomagalhaes.com.br\/index.php\/wp-json\/wp\/v2\/posts\/7854\/revisions"}],"predecessor-version":[{"id":13610,"href":"https:\/\/blogdoedvaldomagalhaes.com.br\/index.php\/wp-json\/wp\/v2\/posts\/7854\/revisions\/13610"}],"wp:attachment":[{"href":"https:\/\/blogdoedvaldomagalhaes.com.br\/index.php\/wp-json\/wp\/v2\/media?parent=7854"}],"wp:term":[{"taxonomy":"category","embeddable":true,"href":"https:\/\/blogdoedvaldomagalhaes.com.br\/index.php\/wp-json\/wp\/v2\/categories?post=7854"},{"taxonomy":"post_tag","embeddable":true,"href":"https:\/\/blogdoedvaldomagalhaes.com.br\/index.php\/wp-json\/wp\/v2\/tags?post=7854"}],"curies":[{"name":"wp","href":"https:\/\/api.w.org\/{rel}","templated":true}]}}