{"id":785,"date":"2018-11-07T15:27:00","date_gmt":"2018-11-07T17:27:00","guid":{"rendered":"http:\/\/blogdoedvaldomagalhaes.com.br\/index.php\/2018\/11\/07\/coleta-nao-e-feita-e-lixo-toma-conta-de\/"},"modified":"2019-02-09T02:38:29","modified_gmt":"2019-02-09T04:38:29","slug":"coleta-nao-e-feita-e-lixo-toma-conta-de","status":"publish","type":"post","link":"https:\/\/blogdoedvaldomagalhaes.com.br\/index.php\/2018\/11\/07\/coleta-nao-e-feita-e-lixo-toma-conta-de\/","title":{"rendered":"Coleta n\u00e3o \u00e9 feita e lixo toma conta de vila na zona rural de Caruaru"},"content":{"rendered":"<div class=\"separator\" style=\"clear: both; text-align: center;\">\n<a href=\"https:\/\/3.bp.blogspot.com\/-5PF_QzmGz-c\/W-MEGsF0OSI\/AAAAAAAA9DI\/12FWztuakH4hoA2Q50Lg3OPas7nXXOF1wCLcBGAs\/s1600\/1.jpg\" imageanchor=\"1\" style=\"margin-left: 1em; margin-right: 1em;\"><img loading=\"lazy\" decoding=\"async\" border=\"0\" data-original-height=\"281\" data-original-width=\"500\" height=\"358\" src=\"http:\/\/blogdoedvaldomagalhaes.com.br\/wp-content\/uploads\/2018\/11\/1-2.jpg\" width=\"640\" \/><\/a><\/div>\n<p><\/p>\n<div class=\"separator\" style=\"clear: both; text-align: center;\">\n<a href=\"https:\/\/3.bp.blogspot.com\/-DSYBpoPhi7U\/W-MEIKxnpDI\/AAAAAAAA9DM\/oqpGLAf6N389g75iQB8543Z99WbfTtG0QCLcBGAs\/s1600\/2.jpg\" imageanchor=\"1\" style=\"margin-left: 1em; margin-right: 1em;\"><img loading=\"lazy\" decoding=\"async\" border=\"0\" data-original-height=\"534\" data-original-width=\"500\" height=\"640\" src=\"http:\/\/blogdoedvaldomagalhaes.com.br\/wp-content\/uploads\/2018\/11\/2-1.jpg\" width=\"598\" \/><\/a><\/div>\n<p><\/p>\n<div class=\"separator\" style=\"clear: both; text-align: center;\">\n<a href=\"https:\/\/4.bp.blogspot.com\/-Ib6RJP2PGio\/W-MEJQ48XnI\/AAAAAAAA9DQ\/_I9RPBfEL8ke5Y4SwHsu99cNRb5-NNNQQCLcBGAs\/s1600\/3.jpg\" imageanchor=\"1\" style=\"margin-left: 1em; margin-right: 1em;\"><img loading=\"lazy\" decoding=\"async\" border=\"0\" data-original-height=\"421\" data-original-width=\"500\" height=\"538\" src=\"http:\/\/blogdoedvaldomagalhaes.com.br\/wp-content\/uploads\/2018\/11\/3.jpg\" width=\"640\" \/><\/a><\/div>\n<p><\/p>\n<div class=\"separator\" style=\"clear: both; text-align: center;\">\n<a href=\"https:\/\/3.bp.blogspot.com\/-7bvA32Rwv_Y\/W-MEK3g9mVI\/AAAAAAAA9DU\/tq3auHNjf28vbSMmj6osx3MAfCkup6CRQCLcBGAs\/s1600\/4.jpg\" imageanchor=\"1\" style=\"margin-left: 1em; margin-right: 1em;\"><img loading=\"lazy\" decoding=\"async\" border=\"0\" data-original-height=\"504\" data-original-width=\"500\" height=\"640\" src=\"http:\/\/blogdoedvaldomagalhaes.com.br\/wp-content\/uploads\/2018\/11\/4.jpg\" width=\"634\" \/><\/a><\/div>\n<div style=\"text-align: justify;\">\n<\/div>\n<p>As irregularidades na coleta de lixo na zona rural de Caruaru, denunciadas v\u00e1rias vezes na R\u00e1dio Liberdade, seguem dando dor de cabe\u00e7a a moradores de v\u00e1rias localidades. Na Vila de Lajes, por exemplo, o lixo n\u00e3o havia sido recolhido at\u00e9 a manh\u00e3 desta quarta-feira (07), correndo risco de ser espalhado pelas ruas por animais, como mostram as fotos acima, enviadas ao Blog, pelo vereador Galego de Lajes.<\/p>\n<p>Segundo o parlamentar, o fato ocorrem em Lajes e em todas as vilas pr\u00f3ximas.<\/p>\n<p><\/p>\n","protected":false},"excerpt":{"rendered":"<p>As irregularidades na coleta de lixo na zona rural de Caruaru, denunciadas v\u00e1rias vezes na R\u00e1dio Liberdade, seguem dando dor&hellip;<\/p>\n","protected":false},"author":1,"featured_media":0,"comment_status":"open","ping_status":"open","sticky":false,"template":"","format":"standard","meta":{"footnotes":""},"categories":[1],"tags":[2,728,6],"class_list":["post-785","post","type-post","status-publish","format-standard","hentry","category-sem-categoria","tag-blog-do-edvaldo-magalhaes","tag-coleta-nao-e-feita-e-lixo-toma-conta-de-vila-na-zona-rural-de-caruaru","tag-noticias"],"_links":{"self":[{"href":"https:\/\/blogdoedvaldomagalhaes.com.br\/index.php\/wp-json\/wp\/v2\/posts\/785","targetHints":{"allow":["GET"]}}],"collection":[{"href":"https:\/\/blogdoedvaldomagalhaes.com.br\/index.php\/wp-json\/wp\/v2\/posts"}],"about":[{"href":"https:\/\/blogdoedvaldomagalhaes.com.br\/index.php\/wp-json\/wp\/v2\/types\/post"}],"author":[{"embeddable":true,"href":"https:\/\/blogdoedvaldomagalhaes.com.br\/index.php\/wp-json\/wp\/v2\/users\/1"}],"replies":[{"embeddable":true,"href":"https:\/\/blogdoedvaldomagalhaes.com.br\/index.php\/wp-json\/wp\/v2\/comments?post=785"}],"version-history":[{"count":1,"href":"https:\/\/blogdoedvaldomagalhaes.com.br\/index.php\/wp-json\/wp\/v2\/posts\/785\/revisions"}],"predecessor-version":[{"id":35587,"href":"https:\/\/blogdoedvaldomagalhaes.com.br\/index.php\/wp-json\/wp\/v2\/posts\/785\/revisions\/35587"}],"wp:attachment":[{"href":"https:\/\/blogdoedvaldomagalhaes.com.br\/index.php\/wp-json\/wp\/v2\/media?parent=785"}],"wp:term":[{"taxonomy":"category","embeddable":true,"href":"https:\/\/blogdoedvaldomagalhaes.com.br\/index.php\/wp-json\/wp\/v2\/categories?post=785"},{"taxonomy":"post_tag","embeddable":true,"href":"https:\/\/blogdoedvaldomagalhaes.com.br\/index.php\/wp-json\/wp\/v2\/tags?post=785"}],"curies":[{"name":"wp","href":"https:\/\/api.w.org\/{rel}","templated":true}]}}