{"id":784,"date":"2018-11-07T15:39:00","date_gmt":"2018-11-07T17:39:00","guid":{"rendered":"http:\/\/blogdoedvaldomagalhaes.com.br\/index.php\/2018\/11\/07\/seis-suspeitos-sao-presos-em-operacao\/"},"modified":"2019-02-09T02:38:30","modified_gmt":"2019-02-09T04:38:30","slug":"seis-suspeitos-sao-presos-em-operacao","status":"publish","type":"post","link":"https:\/\/blogdoedvaldomagalhaes.com.br\/index.php\/2018\/11\/07\/seis-suspeitos-sao-presos-em-operacao\/","title":{"rendered":"Seis suspeitos s\u00e3o presos em Opera\u00e7\u00e3o Anticorrup\u00e7\u00e3o no Agreste de Pernambuco"},"content":{"rendered":"<div class=\"separator\" style=\"clear: both; text-align: center;\">\n<a href=\"https:\/\/4.bp.blogspot.com\/-5J8Vg6IXEuA\/W-MG13n3RdI\/AAAAAAAA9Ds\/8PPS_Unf09A5gAbglfNil5EZE0Kx6qi6ACLcBGAs\/s1600\/pc.jpg\" imageanchor=\"1\" style=\"margin-left: 1em; margin-right: 1em;\"><img loading=\"lazy\" decoding=\"async\" border=\"0\" data-original-height=\"275\" data-original-width=\"500\" height=\"352\" src=\"http:\/\/blogdoedvaldomagalhaes.com.br\/wp-content\/uploads\/2018\/11\/pc.jpg\" width=\"640\" \/><\/a><\/div>\n<div class=\"separator\" style=\"clear: both; text-align: center;\">\nFoto: Pol\u00edcia Civil\/Divulga\u00e7\u00e3o<\/div>\n<div class=\"separator\" style=\"clear: both; text-align: center;\">\n<\/div>\n<div class=\"separator\" style=\"clear: both; text-align: justify;\">\nFoi realizada na manh\u00e3 desta quarta-feira (07), pela Pol\u00edcia Civil em conjunto com o Minist\u00e9rio P\u00fablico de Pernambuco (MPPE), a Opera\u00e7\u00e3o Anticorrup\u00e7\u00e3o, que teve como objetivo capturar integrantes de uma organiza\u00e7\u00e3o criminosa que estariam praticando crimes contra a administra\u00e7\u00e3o p\u00fablica no munic\u00edpio de Orob\u00f3, no Agreste do estado. Os crimes estavam sendo praticados atrav\u00e9s do Instituto de Previd\u00eancia do Munic\u00edpio de Orob\u00f3 (IPREO).<\/div>\n<div class=\"separator\" style=\"clear: both; text-align: justify;\">\n<\/div>\n<div class=\"separator\" style=\"clear: both; text-align: justify;\">\nA investiga\u00e7\u00e3o teve in\u00edcio em agosto deste ano, com a abertura de um inqu\u00e9rito civil, pelo MPPE, para analisar se havia irregularidades no Instituto de Previd\u00eancia. De acordo com o promotor de Justi\u00e7a de Orob\u00f3, Rodrigo Altobello Angelo Abatayguara, logo ap\u00f3s receber o of\u00edcio do Minist\u00e9rio P\u00fablico, o presidente do IPREO, Gustavo Jos\u00e9 da Silva, pediu exonera\u00e7\u00e3o do cargo.<\/div>\n<div class=\"separator\" style=\"clear: both; text-align: justify;\">\n<\/div>\n<div class=\"separator\" style=\"clear: both; text-align: justify;\">\n\u201cCom base em documentos que foram trazidos do pr\u00f3prio munic\u00edpio de Orob\u00f3, a Promotoria de Justi\u00e7a levantou que, pelo menos seis pessoas, entre elas o presidente, estavam recebendo valores muito acima dos demais benefici\u00e1rios. Fizemos, ent\u00e3o, pesquisas em redes sociais e vimos que esses benefici\u00e1rios eram pessoas novas e, portanto, n\u00e3o faziam jus a qualquer tipo de aposentadoria. Al\u00e9m disso, todos eles se conheciam entre si, tinham relacionamentos pr\u00f3ximos e estavam sempre em conjunto nas fotos\u201d, explicou Rodrigo Altobello.<\/div>\n<div class=\"separator\" style=\"clear: both; text-align: justify;\">\n<\/div>\n<div class=\"separator\" style=\"clear: both; text-align: justify;\">\nCom base nessas informa\u00e7\u00f5es, foi pedida a pris\u00e3o tempor\u00e1ria dos seis suspeitos e solicitada busca e apreens\u00e3o na casa de todos eles, al\u00e9m da quebra de sigilo fiscal, banc\u00e1rio e telem\u00e1tico. Segundo o promotor, as medidas foram necess\u00e1rias para assegurar a investiga\u00e7\u00e3o, visto que chegou ao conhecimento da Promotoria que, ap\u00f3s ter pedido exonera\u00e7\u00e3o, o presidente teria come\u00e7ado a se desfazer de provas, como, por exemplo, apagando algumas das fotos de suas redes sociais.<\/div>\n<div class=\"separator\" style=\"clear: both; text-align: justify;\">\n<\/div>\n<div class=\"separator\" style=\"clear: both; text-align: justify;\">\nDeferida as medidas pelo juiz da Vara \u00danica da Comarca de Orob\u00f3, Daniel Silva Paiva, foi executada na madrugada desta quarta-feira (7) a opera\u00e7\u00e3o que conseguiu prender as seis pessoas e resgatar diversos documentos. Os seis suspeitos est\u00e3o sendo investigados pelos crimes de peculato, organiza\u00e7\u00e3o criminosa, corrup\u00e7\u00e3o passiva e lavagem de dinheiro. Segundo o promotor Rodrigo Altobello, a estimativa \u00e9 que tenham desfalcado o IPREO em cerca de R$ 2,5 milh\u00f5es, desde o ano de 2015.<\/div>\n<div class=\"separator\" style=\"clear: both; text-align: justify;\">\n<\/div>\n","protected":false},"excerpt":{"rendered":"<p>Foto: Pol\u00edcia Civil\/Divulga\u00e7\u00e3o Foi realizada na manh\u00e3 desta quarta-feira (07), pela Pol\u00edcia Civil em conjunto com o Minist\u00e9rio P\u00fablico de&hellip;<\/p>\n","protected":false},"author":1,"featured_media":0,"comment_status":"open","ping_status":"open","sticky":false,"template":"","format":"standard","meta":{"footnotes":""},"categories":[1],"tags":[2,13,727],"class_list":["post-784","post","type-post","status-publish","format-standard","hentry","category-sem-categoria","tag-blog-do-edvaldo-magalhaes","tag-policial","tag-seis-suspeitos-sao-presos-em-operacao-anticorrupcao-no-agreste-de-pernambuco"],"_links":{"self":[{"href":"https:\/\/blogdoedvaldomagalhaes.com.br\/index.php\/wp-json\/wp\/v2\/posts\/784","targetHints":{"allow":["GET"]}}],"collection":[{"href":"https:\/\/blogdoedvaldomagalhaes.com.br\/index.php\/wp-json\/wp\/v2\/posts"}],"about":[{"href":"https:\/\/blogdoedvaldomagalhaes.com.br\/index.php\/wp-json\/wp\/v2\/types\/post"}],"author":[{"embeddable":true,"href":"https:\/\/blogdoedvaldomagalhaes.com.br\/index.php\/wp-json\/wp\/v2\/users\/1"}],"replies":[{"embeddable":true,"href":"https:\/\/blogdoedvaldomagalhaes.com.br\/index.php\/wp-json\/wp\/v2\/comments?post=784"}],"version-history":[{"count":1,"href":"https:\/\/blogdoedvaldomagalhaes.com.br\/index.php\/wp-json\/wp\/v2\/posts\/784\/revisions"}],"predecessor-version":[{"id":35589,"href":"https:\/\/blogdoedvaldomagalhaes.com.br\/index.php\/wp-json\/wp\/v2\/posts\/784\/revisions\/35589"}],"wp:attachment":[{"href":"https:\/\/blogdoedvaldomagalhaes.com.br\/index.php\/wp-json\/wp\/v2\/media?parent=784"}],"wp:term":[{"taxonomy":"category","embeddable":true,"href":"https:\/\/blogdoedvaldomagalhaes.com.br\/index.php\/wp-json\/wp\/v2\/categories?post=784"},{"taxonomy":"post_tag","embeddable":true,"href":"https:\/\/blogdoedvaldomagalhaes.com.br\/index.php\/wp-json\/wp\/v2\/tags?post=784"}],"curies":[{"name":"wp","href":"https:\/\/api.w.org\/{rel}","templated":true}]}}