{"id":78395,"date":"2021-12-14T23:28:29","date_gmt":"2021-12-15T02:28:29","guid":{"rendered":"https:\/\/blogdoedvaldomagalhaes.com.br\/?p=78395"},"modified":"2021-12-14T23:28:30","modified_gmt":"2021-12-15T02:28:30","slug":"pernambuco-voltara-a-receber-base-aerea-da-policia-rodoviaria-federal","status":"publish","type":"post","link":"https:\/\/blogdoedvaldomagalhaes.com.br\/index.php\/2021\/12\/14\/pernambuco-voltara-a-receber-base-aerea-da-policia-rodoviaria-federal\/","title":{"rendered":"Pernambuco voltar\u00e1 a receber base a\u00e9rea da Pol\u00edcia Rodovi\u00e1ria Federal"},"content":{"rendered":"<p style=\"text-align: justify;\">O ministro do Turismo, Gilson Machado Neto, confirmou nesta ter\u00e7a-feira (14), junto ao diretor-geral da Pol\u00edcia Rodovi\u00e1ria Federal (PRF), Silvinei Vasques, o retorno da base a\u00e9rea dos helic\u00f3pteros do \u00f3rg\u00e3o para Pernambuco. A conquista \u00e9 resultado de articula\u00e7\u00e3o do ministro junto a unidade localizada em Bras\u00edlia.<\/p>\n<p style=\"text-align: justify;\">A volta da base para Pernambuco vai descentralizar a avia\u00e7\u00e3o da corpora\u00e7\u00e3o instalada na Capital Federal. Ao todo, ser\u00e3o criadas 14 bases, a partir de janeiro, que dever\u00e3o estar operando em sua totalidade at\u00e9 o final de 2022.<\/p>\n<p style=\"text-align: justify;\">Foto: Divulga\u00e7\u00e3o.<\/p>\n","protected":false},"excerpt":{"rendered":"<p>O ministro do Turismo, Gilson Machado Neto, confirmou nesta ter\u00e7a-feira (14), junto ao diretor-geral da Pol\u00edcia Rodovi\u00e1ria Federal (PRF), Silvinei&hellip;<\/p>\n","protected":false},"author":1,"featured_media":78396,"comment_status":"open","ping_status":"open","sticky":false,"template":"","format":"standard","meta":{"footnotes":""},"categories":[14120],"tags":[2,19532,3406,23605],"class_list":["post-78395","post","type-post","status-publish","format-standard","has-post-thumbnail","hentry","category-noticias","tag-blog-do-edvaldo-magalhaes","tag-blog-mais-acessado-e-visualizado-de-caruaru-e-regiao","tag-caruaru","tag-pernambuco-voltara-a-receber-base-aerea-da-policia-rodoviaria-federal"],"_links":{"self":[{"href":"https:\/\/blogdoedvaldomagalhaes.com.br\/index.php\/wp-json\/wp\/v2\/posts\/78395","targetHints":{"allow":["GET"]}}],"collection":[{"href":"https:\/\/blogdoedvaldomagalhaes.com.br\/index.php\/wp-json\/wp\/v2\/posts"}],"about":[{"href":"https:\/\/blogdoedvaldomagalhaes.com.br\/index.php\/wp-json\/wp\/v2\/types\/post"}],"author":[{"embeddable":true,"href":"https:\/\/blogdoedvaldomagalhaes.com.br\/index.php\/wp-json\/wp\/v2\/users\/1"}],"replies":[{"embeddable":true,"href":"https:\/\/blogdoedvaldomagalhaes.com.br\/index.php\/wp-json\/wp\/v2\/comments?post=78395"}],"version-history":[{"count":1,"href":"https:\/\/blogdoedvaldomagalhaes.com.br\/index.php\/wp-json\/wp\/v2\/posts\/78395\/revisions"}],"predecessor-version":[{"id":78397,"href":"https:\/\/blogdoedvaldomagalhaes.com.br\/index.php\/wp-json\/wp\/v2\/posts\/78395\/revisions\/78397"}],"wp:featuredmedia":[{"embeddable":true,"href":"https:\/\/blogdoedvaldomagalhaes.com.br\/index.php\/wp-json\/wp\/v2\/media\/78396"}],"wp:attachment":[{"href":"https:\/\/blogdoedvaldomagalhaes.com.br\/index.php\/wp-json\/wp\/v2\/media?parent=78395"}],"wp:term":[{"taxonomy":"category","embeddable":true,"href":"https:\/\/blogdoedvaldomagalhaes.com.br\/index.php\/wp-json\/wp\/v2\/categories?post=78395"},{"taxonomy":"post_tag","embeddable":true,"href":"https:\/\/blogdoedvaldomagalhaes.com.br\/index.php\/wp-json\/wp\/v2\/tags?post=78395"}],"curies":[{"name":"wp","href":"https:\/\/api.w.org\/{rel}","templated":true}]}}