{"id":78392,"date":"2021-12-14T12:32:08","date_gmt":"2021-12-14T15:32:08","guid":{"rendered":"https:\/\/blogdoedvaldomagalhaes.com.br\/?p=78392"},"modified":"2021-12-14T12:32:09","modified_gmt":"2021-12-14T15:32:09","slug":"carreta-tomba-em-caruaru-e-carga-e-saqueada-motoristas-multados-ao-parar-no-acostamento-e-ao-dirigir-filmando","status":"publish","type":"post","link":"https:\/\/blogdoedvaldomagalhaes.com.br\/index.php\/2021\/12\/14\/carreta-tomba-em-caruaru-e-carga-e-saqueada-motoristas-multados-ao-parar-no-acostamento-e-ao-dirigir-filmando\/","title":{"rendered":"Carreta tomba em Caruaru e carga \u00e9 saqueada; Motoristas multados ao parar no acostamento e ao dirigir filmando"},"content":{"rendered":"<p style=\"text-align: justify;\">Um caminh\u00e3o carregado com milho tombou na BR-104, em Caruaru,\u00a0na manh\u00e3 desta ter\u00e7a-feira (14). O acidente aconteceu \u00e0s 6h45, no km 72 da rodovia.<\/p>\n<p style=\"text-align: justify;\">De acordo com a Pol\u00edcia Rodovi\u00e1ria Federal (PRF), ningu\u00e9m ficou ferido. O motorista estava com o cinto de seguran\u00e7a. A carga foi levada pela popula\u00e7\u00e3o.<\/p>\n<p style=\"text-align: justify;\">Diversos autos de infra\u00e7\u00e3o foram emitidos para motoristas que pararam no acostamento e para os que estavam dirigindo e filmando.<\/p>\n<p style=\"text-align: justify;\">A PRF registrou o momento em que a carga estava sendo saqueada por populares.<\/p>\n","protected":false},"excerpt":{"rendered":"<p>Um caminh\u00e3o carregado com milho tombou na BR-104, em Caruaru,\u00a0na manh\u00e3 desta ter\u00e7a-feira (14). O acidente aconteceu \u00e0s 6h45, no&hellip;<\/p>\n","protected":false},"author":1,"featured_media":78393,"comment_status":"open","ping_status":"open","sticky":false,"template":"","format":"standard","meta":{"footnotes":""},"categories":[14120],"tags":[2,19532,23604,3406],"class_list":["post-78392","post","type-post","status-publish","format-standard","has-post-thumbnail","hentry","category-noticias","tag-blog-do-edvaldo-magalhaes","tag-blog-mais-acessado-e-visualizado-de-caruaru-e-regiao","tag-carreta-tomba-em-caruaru-e-carga-e-saqueada-motoristas-multados-ao-parar-no-acostamento-e-ao-dirigir-filmando","tag-caruaru"],"_links":{"self":[{"href":"https:\/\/blogdoedvaldomagalhaes.com.br\/index.php\/wp-json\/wp\/v2\/posts\/78392","targetHints":{"allow":["GET"]}}],"collection":[{"href":"https:\/\/blogdoedvaldomagalhaes.com.br\/index.php\/wp-json\/wp\/v2\/posts"}],"about":[{"href":"https:\/\/blogdoedvaldomagalhaes.com.br\/index.php\/wp-json\/wp\/v2\/types\/post"}],"author":[{"embeddable":true,"href":"https:\/\/blogdoedvaldomagalhaes.com.br\/index.php\/wp-json\/wp\/v2\/users\/1"}],"replies":[{"embeddable":true,"href":"https:\/\/blogdoedvaldomagalhaes.com.br\/index.php\/wp-json\/wp\/v2\/comments?post=78392"}],"version-history":[{"count":1,"href":"https:\/\/blogdoedvaldomagalhaes.com.br\/index.php\/wp-json\/wp\/v2\/posts\/78392\/revisions"}],"predecessor-version":[{"id":78394,"href":"https:\/\/blogdoedvaldomagalhaes.com.br\/index.php\/wp-json\/wp\/v2\/posts\/78392\/revisions\/78394"}],"wp:featuredmedia":[{"embeddable":true,"href":"https:\/\/blogdoedvaldomagalhaes.com.br\/index.php\/wp-json\/wp\/v2\/media\/78393"}],"wp:attachment":[{"href":"https:\/\/blogdoedvaldomagalhaes.com.br\/index.php\/wp-json\/wp\/v2\/media?parent=78392"}],"wp:term":[{"taxonomy":"category","embeddable":true,"href":"https:\/\/blogdoedvaldomagalhaes.com.br\/index.php\/wp-json\/wp\/v2\/categories?post=78392"},{"taxonomy":"post_tag","embeddable":true,"href":"https:\/\/blogdoedvaldomagalhaes.com.br\/index.php\/wp-json\/wp\/v2\/tags?post=78392"}],"curies":[{"name":"wp","href":"https:\/\/api.w.org\/{rel}","templated":true}]}}