{"id":78389,"date":"2021-12-14T10:17:22","date_gmt":"2021-12-14T13:17:22","guid":{"rendered":"https:\/\/blogdoedvaldomagalhaes.com.br\/?p=78389"},"modified":"2021-12-14T10:17:23","modified_gmt":"2021-12-14T13:17:23","slug":"tony-gel-pede-requalificacao-da-unidade-de-dessalinizacao-de-agua-da-vila-de-pau-santo-em-caruaru","status":"publish","type":"post","link":"https:\/\/blogdoedvaldomagalhaes.com.br\/index.php\/2021\/12\/14\/tony-gel-pede-requalificacao-da-unidade-de-dessalinizacao-de-agua-da-vila-de-pau-santo-em-caruaru\/","title":{"rendered":"Tony Gel pede requalifica\u00e7\u00e3o da unidade de dessaliniza\u00e7\u00e3o\u00a0de \u00e1gua da Vila de Pau Santo em Caruaru"},"content":{"rendered":"<p style=\"text-align: justify;\"><span style=\"font-size: inherit;\">Atendendo a um pedido do Vereador Izaac da Sa\u00fade, o Deputado Estadual Tony Gel (MDB), solicitou a Secret\u00e1ria de Infraestrutura e Recursos H\u00eddricos do Estado, a requalifica\u00e7\u00e3o total da Unidade de dessaliniza\u00e7\u00e3o de \u00e1gua instalada na Vila de Pau Santo, na Zona Rural de Caruaru.<\/span><\/p>\n<p style=\"text-align: justify;\">No pedido que fez a secret\u00e1ria Fernandha Batista, Tony Gel sugeriu que fossem realizados servi\u00e7os de manuten\u00e7\u00e3o nos equipamentos, como tamb\u00e9m na infraestrutura no pr\u00e9dio que precisa urgente de cuidados.<\/p>\n<p style=\"text-align: justify;\">&#8220;O importante \u00e9 a popula\u00e7\u00e3o ser beneficiada, o vereador Izaac me falou sobre o assunto e me pediu para tratar do assunto junto a Secret\u00e1ria de Recursos H\u00eddricos. Solicitei a Secret\u00e1ria Fernanda Batista, e em breve os servi\u00e7os devem ser realizados&#8221; disse Tony Gel.<\/p>\n","protected":false},"excerpt":{"rendered":"<p>Atendendo a um pedido do Vereador Izaac da Sa\u00fade, o Deputado Estadual Tony Gel (MDB), solicitou a Secret\u00e1ria de Infraestrutura&hellip;<\/p>\n","protected":false},"author":1,"featured_media":78390,"comment_status":"open","ping_status":"open","sticky":false,"template":"","format":"standard","meta":{"footnotes":""},"categories":[14122],"tags":[2,19532,3406,23603],"class_list":["post-78389","post","type-post","status-publish","format-standard","has-post-thumbnail","hentry","category-politica","tag-blog-do-edvaldo-magalhaes","tag-blog-mais-acessado-e-visualizado-de-caruaru-e-regiao","tag-caruaru","tag-tony-gel-pede-requalificacao-da-unidade-de-dessalinizacao-de-agua-da-vila-de-pau-santo-em-caruaru"],"_links":{"self":[{"href":"https:\/\/blogdoedvaldomagalhaes.com.br\/index.php\/wp-json\/wp\/v2\/posts\/78389","targetHints":{"allow":["GET"]}}],"collection":[{"href":"https:\/\/blogdoedvaldomagalhaes.com.br\/index.php\/wp-json\/wp\/v2\/posts"}],"about":[{"href":"https:\/\/blogdoedvaldomagalhaes.com.br\/index.php\/wp-json\/wp\/v2\/types\/post"}],"author":[{"embeddable":true,"href":"https:\/\/blogdoedvaldomagalhaes.com.br\/index.php\/wp-json\/wp\/v2\/users\/1"}],"replies":[{"embeddable":true,"href":"https:\/\/blogdoedvaldomagalhaes.com.br\/index.php\/wp-json\/wp\/v2\/comments?post=78389"}],"version-history":[{"count":1,"href":"https:\/\/blogdoedvaldomagalhaes.com.br\/index.php\/wp-json\/wp\/v2\/posts\/78389\/revisions"}],"predecessor-version":[{"id":78391,"href":"https:\/\/blogdoedvaldomagalhaes.com.br\/index.php\/wp-json\/wp\/v2\/posts\/78389\/revisions\/78391"}],"wp:featuredmedia":[{"embeddable":true,"href":"https:\/\/blogdoedvaldomagalhaes.com.br\/index.php\/wp-json\/wp\/v2\/media\/78390"}],"wp:attachment":[{"href":"https:\/\/blogdoedvaldomagalhaes.com.br\/index.php\/wp-json\/wp\/v2\/media?parent=78389"}],"wp:term":[{"taxonomy":"category","embeddable":true,"href":"https:\/\/blogdoedvaldomagalhaes.com.br\/index.php\/wp-json\/wp\/v2\/categories?post=78389"},{"taxonomy":"post_tag","embeddable":true,"href":"https:\/\/blogdoedvaldomagalhaes.com.br\/index.php\/wp-json\/wp\/v2\/tags?post=78389"}],"curies":[{"name":"wp","href":"https:\/\/api.w.org\/{rel}","templated":true}]}}