{"id":78386,"date":"2021-12-14T09:52:01","date_gmt":"2021-12-14T12:52:01","guid":{"rendered":"https:\/\/blogdoedvaldomagalhaes.com.br\/?p=78386"},"modified":"2021-12-14T09:52:02","modified_gmt":"2021-12-14T12:52:02","slug":"4a-ciretran-promove-confraternizacao-com-servidores-e-faz-balanco-positivo-de-2021","status":"publish","type":"post","link":"https:\/\/blogdoedvaldomagalhaes.com.br\/index.php\/2021\/12\/14\/4a-ciretran-promove-confraternizacao-com-servidores-e-faz-balanco-positivo-de-2021\/","title":{"rendered":"4\u00aa CIRETRAN promove confraterniza\u00e7\u00e3o com servidores e faz balan\u00e7o positivo de 2021"},"content":{"rendered":"<p style=\"text-align: justify;\"><span style=\"font-size: inherit;\">A 4\u00aa Circunscri\u00e7\u00e3o Regional de Tr\u00e2nsito \u2013 Ciretran, realizou no \u00faltimo s\u00e1bado(11) confraterniza\u00e7\u00e3o de final de ano com todos os servidores e colaboradores. Na oportunidade, o diretor da 4\u00aa Ciretran, Jefferson Paz, agradeceu o empenho de todos e comemorou o resultado do trabalho ao longo do ano de 2021.<\/span><\/p>\n<p style=\"text-align: justify;\">\u201cEsse \u00e9 o momento de agradecer aos amigos, parceiros, servidores e colaboradores pelo ano positivo que tivemos. Ano de muitos desafios, mas tamb\u00e9m um ano intenso e de muito trabalho. Fortalecemos as parcerias, fizemos importantes entregues na busca permanente pelo servi\u00e7o p\u00fablico de qualidade, seguimos as recomenda\u00e7\u00f5es sanit\u00e1rias de combate ao Covid-19 e dialogamos com a sociedade atrav\u00e9s de eventos de car\u00e1ter educativo. \u00c9 dessa forma e neste ritmo que seguiremos trabalhando em 2022.\u201d<\/p>\n<p style=\"text-align: justify;\">Quem tamb\u00e9m esteve presente prestigiando a confraterniza\u00e7\u00e3o e foi abra\u00e7ar todos os servidores, foi o deputado estadual Tony Gel e o empres\u00e1rio Tonynho Rodrigues.<\/p>\n<p style=\"text-align: justify;\">BALAN\u00c7O POSITIVO DE A\u00c7\u00d5ES EM 2021<\/p>\n<p style=\"text-align: justify;\">Jefferson Paz, gestor da 4\u00aaCiretran, faz um balan\u00e7o muito positivo do ano de 2021. Ainda no primeiro semestre do ano, fruto de uma articula\u00e7\u00e3o entre dire\u00e7\u00e3o da 4\u00aa Ciretran, COMPESA e PMC, foram realizadas obras de saneamento. O pr\u00e9dio da Ciretran n\u00e3o estava contemplado inicialmente na obra de saneamento b\u00e1sico do bairro vizinho, o Jos\u00e9 Carlos de Oliveira. A parceria possibilitou a inclus\u00e3o do pr\u00e9dio no projeto e a obra foi conclu\u00eddo antes do prazo previsto.<\/p>\n<p style=\"text-align: justify;\">Ainda no primeiro semestre, come\u00e7ou o trabalho para implanta\u00e7\u00e3o do DETRAN online, uma demanda antiga dos profissionais documentalistas de Caruaru. A implanta\u00e7\u00e3o dessa importante ferramenta al\u00e9m de modernizar o trabalho do despachante credenciado, deu mais celeridade aos trabalhos dos profissionais que atuam na Ciretran, diante da possibilidade de realizar os servi\u00e7os de pr\u00e9-registro, registro, emiss\u00e3o de taxas e acompanhamento dos processos de forma remota, no seu computador e no seu escrit\u00f3rio.<\/p>\n<p style=\"text-align: justify;\">Alguns espa\u00e7os internos foram reformados, como o setor da Vistoria e Controle de Qualidade. O setor de Entrega de Documentos tamb\u00e9m recebeu mudan\u00e7as e ficou com muita mais acessibilidade.<\/p>\n<p style=\"text-align: justify;\">N\u00e3o devemos deixar de registrar os eventos de Educa\u00e7\u00e3o para o tr\u00e2nsito. Participamos de um semin\u00e1rio promovido pela Universidade Uninassau, sob o tema: \u201clegisla\u00e7\u00e3o de tr\u00e2nsito e preven\u00e7\u00e3o de acidentes\u201d em maio, debatendo a import\u00e2ncia de um tr\u00e2nsito seguro. Participamos tamb\u00e9m de um evento promovido pela Associa\u00e7\u00e3o dos Taxistas de Caruaru. J\u00e1 na Semana Nacional do Tr\u00e2nsito, desenvolvemos a\u00e7\u00f5es e palestras educativas para profissionais de diversos segmentos no Distrito Industrial com o tema: \u201cNo tr\u00e2nsito sua responsabilidade salva vidas\u201d e que contou com a participa\u00e7\u00e3o de Ivanildo Junior, agente de fiscaliza\u00e7\u00e3o.<\/p>\n<p style=\"text-align: justify;\">Por fim, zeramos a demanda reprimida de exames te\u00f3ricos e pr\u00e1ticos provocada pela pandemia da Covid-19 com a realiza\u00e7\u00e3o de mutir\u00f5es nas sextas e s\u00e1bados. Implantamos tamb\u00e9m, um turno extra para realiza\u00e7\u00e3o de exames te\u00f3ricos. S\u00f3 no m\u00eas de outubro foram realizados mais de 2.500 exames entre te\u00f3ricos e pr\u00e1ticos, o maior volume de provas que a 4\u00aa Ciretran j\u00e1 realizou.<\/p>\n","protected":false},"excerpt":{"rendered":"<p>A 4\u00aa Circunscri\u00e7\u00e3o Regional de Tr\u00e2nsito \u2013 Ciretran, realizou no \u00faltimo s\u00e1bado(11) confraterniza\u00e7\u00e3o de final de ano com todos os&hellip;<\/p>\n","protected":false},"author":1,"featured_media":78387,"comment_status":"open","ping_status":"open","sticky":false,"template":"","format":"standard","meta":{"footnotes":""},"categories":[14120],"tags":[23602,2,19532,3406],"class_list":["post-78386","post","type-post","status-publish","format-standard","has-post-thumbnail","hentry","category-noticias","tag-4a-ciretran-promove-confraternizacao-com-servidores-e-faz-balanco-positivo-de-2021","tag-blog-do-edvaldo-magalhaes","tag-blog-mais-acessado-e-visualizado-de-caruaru-e-regiao","tag-caruaru"],"_links":{"self":[{"href":"https:\/\/blogdoedvaldomagalhaes.com.br\/index.php\/wp-json\/wp\/v2\/posts\/78386","targetHints":{"allow":["GET"]}}],"collection":[{"href":"https:\/\/blogdoedvaldomagalhaes.com.br\/index.php\/wp-json\/wp\/v2\/posts"}],"about":[{"href":"https:\/\/blogdoedvaldomagalhaes.com.br\/index.php\/wp-json\/wp\/v2\/types\/post"}],"author":[{"embeddable":true,"href":"https:\/\/blogdoedvaldomagalhaes.com.br\/index.php\/wp-json\/wp\/v2\/users\/1"}],"replies":[{"embeddable":true,"href":"https:\/\/blogdoedvaldomagalhaes.com.br\/index.php\/wp-json\/wp\/v2\/comments?post=78386"}],"version-history":[{"count":1,"href":"https:\/\/blogdoedvaldomagalhaes.com.br\/index.php\/wp-json\/wp\/v2\/posts\/78386\/revisions"}],"predecessor-version":[{"id":78388,"href":"https:\/\/blogdoedvaldomagalhaes.com.br\/index.php\/wp-json\/wp\/v2\/posts\/78386\/revisions\/78388"}],"wp:featuredmedia":[{"embeddable":true,"href":"https:\/\/blogdoedvaldomagalhaes.com.br\/index.php\/wp-json\/wp\/v2\/media\/78387"}],"wp:attachment":[{"href":"https:\/\/blogdoedvaldomagalhaes.com.br\/index.php\/wp-json\/wp\/v2\/media?parent=78386"}],"wp:term":[{"taxonomy":"category","embeddable":true,"href":"https:\/\/blogdoedvaldomagalhaes.com.br\/index.php\/wp-json\/wp\/v2\/categories?post=78386"},{"taxonomy":"post_tag","embeddable":true,"href":"https:\/\/blogdoedvaldomagalhaes.com.br\/index.php\/wp-json\/wp\/v2\/tags?post=78386"}],"curies":[{"name":"wp","href":"https:\/\/api.w.org\/{rel}","templated":true}]}}