{"id":78382,"date":"2021-12-14T08:36:34","date_gmt":"2021-12-14T11:36:34","guid":{"rendered":"https:\/\/blogdoedvaldomagalhaes.com.br\/?p=78382"},"modified":"2021-12-14T08:36:35","modified_gmt":"2021-12-14T11:36:35","slug":"amttc-devolve-carro-roubado-na-capital-pernambucana","status":"publish","type":"post","link":"https:\/\/blogdoedvaldomagalhaes.com.br\/index.php\/2021\/12\/14\/amttc-devolve-carro-roubado-na-capital-pernambucana\/","title":{"rendered":"AMTTC devolve carro roubado na capital pernambucana"},"content":{"rendered":"<p style=\"text-align: justify;\"><span style=\"font-size: inherit;\">Na \u00faltima segunda-feira (6), a Autarquia de Mobilidade, Tr\u00e2nsito e Transportes de Caruaru (AMTTC) realizou a devolu\u00e7\u00e3o de um carro roubado na cidade do Recife. A propriet\u00e1ria \u00e9 paraibana e teve seu ve\u00edculo levado pelos assaltantes no dia 31 de outubro.<\/span><\/p>\n<p style=\"text-align: justify;\">Depois de um acidente no \u00faltimo dia 25 de novembro, na Avenida Jos\u00e9 Rodrigues de Jesus, em Caruaru, a AMTTC recolheu o ve\u00edculo para o dep\u00f3sito, por\u00e9m as placas estavam adulteradas, e a autarquia n\u00e3o conseguiu identificar e informar ao dono.<\/p>\n<p style=\"text-align: justify;\">O que mais chamou a aten\u00e7\u00e3o foi que os assaltantes entraram em contato com a v\u00edtima, cobrando dinheiro para informar em qual cidade o carro estaria, repassando, posteriormente, ap\u00f3s pagamento, alguns links de mat\u00e9rias em que mostravam o ve\u00edculo abandonado depois do acidente.<\/p>\n","protected":false},"excerpt":{"rendered":"<p>Na \u00faltima segunda-feira (6), a Autarquia de Mobilidade, Tr\u00e2nsito e Transportes de Caruaru (AMTTC) realizou a devolu\u00e7\u00e3o de um carro&hellip;<\/p>\n","protected":false},"author":1,"featured_media":78383,"comment_status":"open","ping_status":"open","sticky":false,"template":"","format":"standard","meta":{"footnotes":""},"categories":[14121],"tags":[23601,2,19532,3406],"class_list":["post-78382","post","type-post","status-publish","format-standard","has-post-thumbnail","hentry","category-policial","tag-amttc-devolve-carro-roubado-na-capital-pernambucana","tag-blog-do-edvaldo-magalhaes","tag-blog-mais-acessado-e-visualizado-de-caruaru-e-regiao","tag-caruaru"],"_links":{"self":[{"href":"https:\/\/blogdoedvaldomagalhaes.com.br\/index.php\/wp-json\/wp\/v2\/posts\/78382","targetHints":{"allow":["GET"]}}],"collection":[{"href":"https:\/\/blogdoedvaldomagalhaes.com.br\/index.php\/wp-json\/wp\/v2\/posts"}],"about":[{"href":"https:\/\/blogdoedvaldomagalhaes.com.br\/index.php\/wp-json\/wp\/v2\/types\/post"}],"author":[{"embeddable":true,"href":"https:\/\/blogdoedvaldomagalhaes.com.br\/index.php\/wp-json\/wp\/v2\/users\/1"}],"replies":[{"embeddable":true,"href":"https:\/\/blogdoedvaldomagalhaes.com.br\/index.php\/wp-json\/wp\/v2\/comments?post=78382"}],"version-history":[{"count":2,"href":"https:\/\/blogdoedvaldomagalhaes.com.br\/index.php\/wp-json\/wp\/v2\/posts\/78382\/revisions"}],"predecessor-version":[{"id":78385,"href":"https:\/\/blogdoedvaldomagalhaes.com.br\/index.php\/wp-json\/wp\/v2\/posts\/78382\/revisions\/78385"}],"wp:featuredmedia":[{"embeddable":true,"href":"https:\/\/blogdoedvaldomagalhaes.com.br\/index.php\/wp-json\/wp\/v2\/media\/78383"}],"wp:attachment":[{"href":"https:\/\/blogdoedvaldomagalhaes.com.br\/index.php\/wp-json\/wp\/v2\/media?parent=78382"}],"wp:term":[{"taxonomy":"category","embeddable":true,"href":"https:\/\/blogdoedvaldomagalhaes.com.br\/index.php\/wp-json\/wp\/v2\/categories?post=78382"},{"taxonomy":"post_tag","embeddable":true,"href":"https:\/\/blogdoedvaldomagalhaes.com.br\/index.php\/wp-json\/wp\/v2\/tags?post=78382"}],"curies":[{"name":"wp","href":"https:\/\/api.w.org\/{rel}","templated":true}]}}