{"id":78374,"date":"2021-12-14T08:30:02","date_gmt":"2021-12-14T11:30:02","guid":{"rendered":"https:\/\/blogdoedvaldomagalhaes.com.br\/?p=78374"},"modified":"2021-12-14T08:33:11","modified_gmt":"2021-12-14T11:33:11","slug":"caminhao-colide-na-traseira-de-carro-roda-na-pista-e-bate-em-mureta-na-br-232-em-caruaru","status":"publish","type":"post","link":"https:\/\/blogdoedvaldomagalhaes.com.br\/index.php\/2021\/12\/14\/caminhao-colide-na-traseira-de-carro-roda-na-pista-e-bate-em-mureta-na-br-232-em-caruaru\/","title":{"rendered":"Caminh\u00e3o colide na traseira de carro, roda na pista e bate em mureta na BR-232, em Caruaru"},"content":{"rendered":"<p style=\"text-align: justify;\">Um acidente deixou o tr\u00e2nsito complicado na manh\u00e3 desta ter\u00e7a-feira (14), na BR-232, entre S\u00e3o Caitano e Caruaru, sentido Interior\/Capital. O motorista de um ve\u00edculo Pajero freou devido a um quebra-molas e um caminh\u00e3o-ba\u00fa que vinha atr\u00e1s colidiu no ve\u00edculo, cruzou a pista e bateu em uma mureta.<\/p>\n<p style=\"text-align: justify;\">De acordo com a Pol\u00edcia Rodovi\u00e1ria Federal (PRF), n\u00e3o houve feridos no acidente que aconteceu \u00e0s 6h40. Os motoristas realizaram o teste do baf\u00f4metro e o resultado foi normal.<\/p>\n\n\n<figure class=\"wp-block-image size-large\"><img loading=\"lazy\" decoding=\"async\" width=\"1024\" height=\"498\" src=\"https:\/\/blogdoedvaldomagalhaes.com.br\/wp-content\/uploads\/2021\/12\/IMG-20211214-WA0052-1024x498.jpg\" alt=\"\" class=\"wp-image-78377\" srcset=\"https:\/\/blogdoedvaldomagalhaes.com.br\/wp-content\/uploads\/2021\/12\/IMG-20211214-WA0052-1024x498.jpg 1024w, https:\/\/blogdoedvaldomagalhaes.com.br\/wp-content\/uploads\/2021\/12\/IMG-20211214-WA0052-300x146.jpg 300w, https:\/\/blogdoedvaldomagalhaes.com.br\/wp-content\/uploads\/2021\/12\/IMG-20211214-WA0052-768x373.jpg 768w, https:\/\/blogdoedvaldomagalhaes.com.br\/wp-content\/uploads\/2021\/12\/IMG-20211214-WA0052-1536x746.jpg 1536w, https:\/\/blogdoedvaldomagalhaes.com.br\/wp-content\/uploads\/2021\/12\/IMG-20211214-WA0052.jpg 1599w\" sizes=\"auto, (max-width: 1024px) 100vw, 1024px\" \/><\/figure>\n\n\n\n<figure class=\"wp-block-image size-large\"><img loading=\"lazy\" decoding=\"async\" width=\"1024\" height=\"498\" src=\"https:\/\/blogdoedvaldomagalhaes.com.br\/wp-content\/uploads\/2021\/12\/IMG-20211214-WA0051-1024x498.jpg\" alt=\"\" class=\"wp-image-78378\" srcset=\"https:\/\/blogdoedvaldomagalhaes.com.br\/wp-content\/uploads\/2021\/12\/IMG-20211214-WA0051-1024x498.jpg 1024w, https:\/\/blogdoedvaldomagalhaes.com.br\/wp-content\/uploads\/2021\/12\/IMG-20211214-WA0051-300x146.jpg 300w, https:\/\/blogdoedvaldomagalhaes.com.br\/wp-content\/uploads\/2021\/12\/IMG-20211214-WA0051-768x373.jpg 768w, https:\/\/blogdoedvaldomagalhaes.com.br\/wp-content\/uploads\/2021\/12\/IMG-20211214-WA0051-1536x746.jpg 1536w, https:\/\/blogdoedvaldomagalhaes.com.br\/wp-content\/uploads\/2021\/12\/IMG-20211214-WA0051.jpg 1599w\" sizes=\"auto, (max-width: 1024px) 100vw, 1024px\" \/><\/figure>\n\n\n\n<figure class=\"wp-block-image size-large\"><img loading=\"lazy\" decoding=\"async\" width=\"1024\" height=\"498\" src=\"https:\/\/blogdoedvaldomagalhaes.com.br\/wp-content\/uploads\/2021\/12\/IMG-20211214-WA0050-1024x498.jpg\" alt=\"\" class=\"wp-image-78379\" srcset=\"https:\/\/blogdoedvaldomagalhaes.com.br\/wp-content\/uploads\/2021\/12\/IMG-20211214-WA0050-1024x498.jpg 1024w, https:\/\/blogdoedvaldomagalhaes.com.br\/wp-content\/uploads\/2021\/12\/IMG-20211214-WA0050-300x146.jpg 300w, https:\/\/blogdoedvaldomagalhaes.com.br\/wp-content\/uploads\/2021\/12\/IMG-20211214-WA0050-768x373.jpg 768w, https:\/\/blogdoedvaldomagalhaes.com.br\/wp-content\/uploads\/2021\/12\/IMG-20211214-WA0050-1536x746.jpg 1536w, https:\/\/blogdoedvaldomagalhaes.com.br\/wp-content\/uploads\/2021\/12\/IMG-20211214-WA0050.jpg 1599w\" sizes=\"auto, (max-width: 1024px) 100vw, 1024px\" \/><figcaption>Fotos: PRF\/Divulga\u00e7\u00e3o<\/figcaption><\/figure>\n","protected":false},"excerpt":{"rendered":"<p>Um acidente deixou o tr\u00e2nsito complicado na manh\u00e3 desta ter\u00e7a-feira (14), na BR-232, entre S\u00e3o Caitano e Caruaru, sentido Interior\/Capital.&hellip;<\/p>\n","protected":false},"author":1,"featured_media":78375,"comment_status":"open","ping_status":"open","sticky":false,"template":"","format":"standard","meta":{"footnotes":""},"categories":[14120],"tags":[2,19532,23600,3406],"class_list":["post-78374","post","type-post","status-publish","format-standard","has-post-thumbnail","hentry","category-noticias","tag-blog-do-edvaldo-magalhaes","tag-blog-mais-acessado-e-visualizado-de-caruaru-e-regiao","tag-caminhao-colide-na-traseira-de-carro-roda-na-pista-e-bate-em-mureta-na-br-232-em-caruaru","tag-caruaru"],"_links":{"self":[{"href":"https:\/\/blogdoedvaldomagalhaes.com.br\/index.php\/wp-json\/wp\/v2\/posts\/78374","targetHints":{"allow":["GET"]}}],"collection":[{"href":"https:\/\/blogdoedvaldomagalhaes.com.br\/index.php\/wp-json\/wp\/v2\/posts"}],"about":[{"href":"https:\/\/blogdoedvaldomagalhaes.com.br\/index.php\/wp-json\/wp\/v2\/types\/post"}],"author":[{"embeddable":true,"href":"https:\/\/blogdoedvaldomagalhaes.com.br\/index.php\/wp-json\/wp\/v2\/users\/1"}],"replies":[{"embeddable":true,"href":"https:\/\/blogdoedvaldomagalhaes.com.br\/index.php\/wp-json\/wp\/v2\/comments?post=78374"}],"version-history":[{"count":2,"href":"https:\/\/blogdoedvaldomagalhaes.com.br\/index.php\/wp-json\/wp\/v2\/posts\/78374\/revisions"}],"predecessor-version":[{"id":78381,"href":"https:\/\/blogdoedvaldomagalhaes.com.br\/index.php\/wp-json\/wp\/v2\/posts\/78374\/revisions\/78381"}],"wp:featuredmedia":[{"embeddable":true,"href":"https:\/\/blogdoedvaldomagalhaes.com.br\/index.php\/wp-json\/wp\/v2\/media\/78375"}],"wp:attachment":[{"href":"https:\/\/blogdoedvaldomagalhaes.com.br\/index.php\/wp-json\/wp\/v2\/media?parent=78374"}],"wp:term":[{"taxonomy":"category","embeddable":true,"href":"https:\/\/blogdoedvaldomagalhaes.com.br\/index.php\/wp-json\/wp\/v2\/categories?post=78374"},{"taxonomy":"post_tag","embeddable":true,"href":"https:\/\/blogdoedvaldomagalhaes.com.br\/index.php\/wp-json\/wp\/v2\/tags?post=78374"}],"curies":[{"name":"wp","href":"https:\/\/api.w.org\/{rel}","templated":true}]}}