{"id":78371,"date":"2021-12-13T22:27:10","date_gmt":"2021-12-14T01:27:10","guid":{"rendered":"https:\/\/blogdoedvaldomagalhaes.com.br\/?p=78371"},"modified":"2021-12-13T22:27:11","modified_gmt":"2021-12-14T01:27:11","slug":"erick-lessa-visita-toritama-e-destaca-excelentes-resultados-da-seguranca-na-cidade","status":"publish","type":"post","link":"https:\/\/blogdoedvaldomagalhaes.com.br\/index.php\/2021\/12\/13\/erick-lessa-visita-toritama-e-destaca-excelentes-resultados-da-seguranca-na-cidade\/","title":{"rendered":"Erick Lessa visita Toritama e destaca excelentes resultados da seguran\u00e7a na cidade"},"content":{"rendered":"<p style=\"text-align: justify;\"><span style=\"font-size: inherit;\">O deputado estadual Erick Lessa cumpriu uma extensa agenda no munic\u00edpio de Toritama, nesta segunda-feira (13). O parlamentar visitou v\u00e1rios \u00f3rg\u00e3os e destacou os resultados provenientes da implementa\u00e7\u00e3o do Sistema Integrado de Seguran\u00e7a P\u00fablica, que adota a\u00e7\u00f5es estrat\u00e9gicas e operacionais entre as for\u00e7as de seguran\u00e7a e o poder p\u00fablico municipal.<\/span><\/p>\n<p style=\"text-align: justify;\">No F\u00f3rum de Toritama, o parlamentar dialogou com o promotor Vin\u00edcius Costa sobre Seguran\u00e7a P\u00fablica. Em seguida, Lessa foi ao Batalh\u00e3o Especializado de Policiamento do Interior (Bepi), onde debateu com o major Rosendo e o major Arist\u00f3teles acerca da intera\u00e7\u00e3o entre a pol\u00edcia e demais \u00f3rg\u00e3os. O subcomandante do 24\u00ba Batalh\u00e3o, major Alberto Souza, tamb\u00e9m participou do encontro. Na sequ\u00eancia, o deputado esteve nas futuras instala\u00e7\u00f5es da Delegacia de Pol\u00edcia, um espa\u00e7o de quase 400 metros de \u00e1rea constru\u00edda atrav\u00e9s de uma parceria-p\u00fablico-privada. Por fim, Erick Lessa conversou com o prefeito Edilson Tavares e o chefe de Gabinete, S\u00e9rgio Collins, fazendo um balan\u00e7o da gest\u00e3o da seguran\u00e7a e a atua\u00e7\u00e3o da Prefeitura neste contexto. Durante as reuni\u00f5es, o deputado estava acompanhado do vice-prefeito de Arcoverde, Israel Rubis.<\/p>\n<p style=\"text-align: justify;\">A atua\u00e7\u00e3o do Batalh\u00e3o de \u00c1rea, o papel do Batalh\u00e3o Especializado, a parceria firmada entre Promotoria e Justi\u00e7a e o cuidado da Prefeitura para com as for\u00e7as de seguran\u00e7a s\u00e3o aspectos que podem resumir os bons resultados das for\u00e7as de seguran\u00e7a no munic\u00edpio. Dados da Secretaria de Defesa Social (SDS-PE) apontam uma redu\u00e7\u00e3o significativa nos \u00edndices de homic\u00eddios. Em 2019, houve 27 assassinatos. O n\u00famero baixou para 11 em 2020 e para 08 neste ano. Segundo o deputado Erick Lessa, a ado\u00e7\u00e3o do Sistema Integrado de Seguran\u00e7a P\u00fablica \u00e9 apontada como o principal fator para as melhorias nesses n\u00fameros. \u201c\u00c9 n\u00edtido que o processo de seguran\u00e7a fica mais eficiente quando h\u00e1 a integra\u00e7\u00e3o entre os diversos \u00f3rg\u00e3os. Essa concep\u00e7\u00e3o moderna \u00e9 marcada por v\u00e1rias frentes de atua\u00e7\u00e3o e causa impactos positivos diretos na vida dos cidad\u00e3os\u201d, concluiu.<\/p>\n<p style=\"text-align: justify;\">Foto: Viliane Gomes<\/p>\n","protected":false},"excerpt":{"rendered":"<p>O deputado estadual Erick Lessa cumpriu uma extensa agenda no munic\u00edpio de Toritama, nesta segunda-feira (13). O parlamentar visitou v\u00e1rios&hellip;<\/p>\n","protected":false},"author":1,"featured_media":78372,"comment_status":"open","ping_status":"open","sticky":false,"template":"","format":"standard","meta":{"footnotes":""},"categories":[1],"tags":[2,19532,3406,23599],"class_list":["post-78371","post","type-post","status-publish","format-standard","has-post-thumbnail","hentry","category-sem-categoria","tag-blog-do-edvaldo-magalhaes","tag-blog-mais-acessado-e-visualizado-de-caruaru-e-regiao","tag-caruaru","tag-erick-lessa-visita-toritama-e-destaca-excelentes-resultados-da-seguranca-na-cidade"],"_links":{"self":[{"href":"https:\/\/blogdoedvaldomagalhaes.com.br\/index.php\/wp-json\/wp\/v2\/posts\/78371","targetHints":{"allow":["GET"]}}],"collection":[{"href":"https:\/\/blogdoedvaldomagalhaes.com.br\/index.php\/wp-json\/wp\/v2\/posts"}],"about":[{"href":"https:\/\/blogdoedvaldomagalhaes.com.br\/index.php\/wp-json\/wp\/v2\/types\/post"}],"author":[{"embeddable":true,"href":"https:\/\/blogdoedvaldomagalhaes.com.br\/index.php\/wp-json\/wp\/v2\/users\/1"}],"replies":[{"embeddable":true,"href":"https:\/\/blogdoedvaldomagalhaes.com.br\/index.php\/wp-json\/wp\/v2\/comments?post=78371"}],"version-history":[{"count":1,"href":"https:\/\/blogdoedvaldomagalhaes.com.br\/index.php\/wp-json\/wp\/v2\/posts\/78371\/revisions"}],"predecessor-version":[{"id":78373,"href":"https:\/\/blogdoedvaldomagalhaes.com.br\/index.php\/wp-json\/wp\/v2\/posts\/78371\/revisions\/78373"}],"wp:featuredmedia":[{"embeddable":true,"href":"https:\/\/blogdoedvaldomagalhaes.com.br\/index.php\/wp-json\/wp\/v2\/media\/78372"}],"wp:attachment":[{"href":"https:\/\/blogdoedvaldomagalhaes.com.br\/index.php\/wp-json\/wp\/v2\/media?parent=78371"}],"wp:term":[{"taxonomy":"category","embeddable":true,"href":"https:\/\/blogdoedvaldomagalhaes.com.br\/index.php\/wp-json\/wp\/v2\/categories?post=78371"},{"taxonomy":"post_tag","embeddable":true,"href":"https:\/\/blogdoedvaldomagalhaes.com.br\/index.php\/wp-json\/wp\/v2\/tags?post=78371"}],"curies":[{"name":"wp","href":"https:\/\/api.w.org\/{rel}","templated":true}]}}