{"id":78368,"date":"2021-12-13T20:19:24","date_gmt":"2021-12-13T23:19:24","guid":{"rendered":"https:\/\/blogdoedvaldomagalhaes.com.br\/?p=78368"},"modified":"2021-12-13T20:19:25","modified_gmt":"2021-12-13T23:19:25","slug":"proximos-dias-devem-ser-chuvosos-no-litoral-e-agreste-de-pernambuco","status":"publish","type":"post","link":"https:\/\/blogdoedvaldomagalhaes.com.br\/index.php\/2021\/12\/13\/proximos-dias-devem-ser-chuvosos-no-litoral-e-agreste-de-pernambuco\/","title":{"rendered":"Pr\u00f3ximos dias devem ser chuvosos no litoral e agreste de Pernambuco"},"content":{"rendered":"<p style=\"text-align: justify;\">De acordo\u00a0 com previs\u00f5es da Ag\u00eancia Pernambucana de \u00c1guas e Clima (Apac), os pr\u00f3ximos dias devem ser de chuvas nas regi\u00f5es do Litoral e Agreste pernambucano. A ag\u00eancia informou que as chuvas ocorrem devido a um sistema meterol\u00f3gico conhecido como \u2018Onda de Leste\u2019, que provoca chuvas com intensidade moderada a fraca.<\/p>\n","protected":false},"excerpt":{"rendered":"<p>De acordo\u00a0 com previs\u00f5es da Ag\u00eancia Pernambucana de \u00c1guas e Clima (Apac), os pr\u00f3ximos dias devem ser de chuvas nas&hellip;<\/p>\n","protected":false},"author":1,"featured_media":78369,"comment_status":"open","ping_status":"open","sticky":false,"template":"","format":"standard","meta":{"footnotes":""},"categories":[14120],"tags":[23569,2,3406,23598],"class_list":["post-78368","post","type-post","status-publish","format-standard","has-post-thumbnail","hentry","category-noticias","tag-bkog-mais-acessado-e-visualizado-de-caruaru","tag-blog-do-edvaldo-magalhaes","tag-caruaru","tag-proximos-dias-devem-ser-chuvosos-no-litoral-e-agreste-de-pernambuco"],"_links":{"self":[{"href":"https:\/\/blogdoedvaldomagalhaes.com.br\/index.php\/wp-json\/wp\/v2\/posts\/78368","targetHints":{"allow":["GET"]}}],"collection":[{"href":"https:\/\/blogdoedvaldomagalhaes.com.br\/index.php\/wp-json\/wp\/v2\/posts"}],"about":[{"href":"https:\/\/blogdoedvaldomagalhaes.com.br\/index.php\/wp-json\/wp\/v2\/types\/post"}],"author":[{"embeddable":true,"href":"https:\/\/blogdoedvaldomagalhaes.com.br\/index.php\/wp-json\/wp\/v2\/users\/1"}],"replies":[{"embeddable":true,"href":"https:\/\/blogdoedvaldomagalhaes.com.br\/index.php\/wp-json\/wp\/v2\/comments?post=78368"}],"version-history":[{"count":1,"href":"https:\/\/blogdoedvaldomagalhaes.com.br\/index.php\/wp-json\/wp\/v2\/posts\/78368\/revisions"}],"predecessor-version":[{"id":78370,"href":"https:\/\/blogdoedvaldomagalhaes.com.br\/index.php\/wp-json\/wp\/v2\/posts\/78368\/revisions\/78370"}],"wp:featuredmedia":[{"embeddable":true,"href":"https:\/\/blogdoedvaldomagalhaes.com.br\/index.php\/wp-json\/wp\/v2\/media\/78369"}],"wp:attachment":[{"href":"https:\/\/blogdoedvaldomagalhaes.com.br\/index.php\/wp-json\/wp\/v2\/media?parent=78368"}],"wp:term":[{"taxonomy":"category","embeddable":true,"href":"https:\/\/blogdoedvaldomagalhaes.com.br\/index.php\/wp-json\/wp\/v2\/categories?post=78368"},{"taxonomy":"post_tag","embeddable":true,"href":"https:\/\/blogdoedvaldomagalhaes.com.br\/index.php\/wp-json\/wp\/v2\/tags?post=78368"}],"curies":[{"name":"wp","href":"https:\/\/api.w.org\/{rel}","templated":true}]}}