{"id":78365,"date":"2021-12-13T19:30:36","date_gmt":"2021-12-13T22:30:36","guid":{"rendered":"https:\/\/blogdoedvaldomagalhaes.com.br\/?p=78365"},"modified":"2021-12-13T19:30:37","modified_gmt":"2021-12-13T22:30:37","slug":"caruaru-city-inicia-oficialmente-a-pre-temporada-para-o-campeonato-pernambucano","status":"publish","type":"post","link":"https:\/\/blogdoedvaldomagalhaes.com.br\/index.php\/2021\/12\/13\/caruaru-city-inicia-oficialmente-a-pre-temporada-para-o-campeonato-pernambucano\/","title":{"rendered":"Caruaru City inicia oficialmente a pr\u00e9-temporada para o Campeonato Pernambucano"},"content":{"rendered":"<p style=\"text-align: justify;\">O Caruaru City deu in\u00edcio oficialmente nesta segunda-feira (13) \u00e0 pr\u00e9-temporada para a disputa do Campeonato Pernambucano S\u00e9rie A1 2022. O clube far\u00e1 toda a prepara\u00e7\u00e3o no Centro de Treinamento Ninho do Gavi\u00e3o, do Clube Atl\u00e9tico do Porto, refer\u00eancia pela estrutura que oferece com campos, academia, vesti\u00e1rios e departamento m\u00e9dico.<\/p>\n<p style=\"text-align: justify;\">A equipe caruaruense apresentou a comiss\u00e3o t\u00e9cnica, que seguir\u00e1 com o comando do Treinador Thyago Marcolino, e parte do elenco para a temporada.<\/p>\n<p style=\"text-align: justify;\">Ser\u00e3o pelo menos 40 dias de pr\u00e9-temporada at\u00e9 a estreia na competi\u00e7\u00e3o, marcada para o dia 22 de janeiro.<\/p>\n<p>COMISS\u00c3O T\u00c9CNICA: treinador Thyago Marcolino; auxiliar t\u00e9cnico Arlindo Neto, o preparador f\u00edsico Renato Cavalcanti; o preparador de goleiros Jardson Barros; l o analista de desempenho Jefferson William, Massagista Naua.<\/p>\n<p>ELENCO: O Caruaru City apresentou 18 atletas para in\u00edcio da prepara\u00e7\u00e3o, entre renova\u00e7\u00f5es e contrata\u00e7\u00f5es. Destaques para as perman\u00eancias da defesa titular na S\u00e9rie A2, o volante Henrique Silva e os meias-atacantes Grafite e Cadinho, artilheiro da equipe na campanha do t\u00edtulo e do acesso. O clube contratou o experiente meia Maylson, ex-Gr\u00eamio e N\u00e1utico, e o tamb\u00e9m experiente lateral esquerdo Tiago Costa, ex-Na\u00fatico e Santa Cruz.<\/p>\n<p>ELENCO (at\u00e9 o momento):<br \/>\nGoleiros: Igor Leonardo e Jefferson Andr\u00e9<br \/>\nLateral-direito: L\u00e9o Cotia e Ailtinho<br \/>\nLateral-esquerdo: Edvaine e Tiago Costa<br \/>\nZagueiros: Matheus Serra, Junior Sergipe e Heverton Lu\u00eds<br \/>\nVolante: Henrique, Eduardo e Geyson Venceslau<br \/>\nMeia: Maylson e Candinho<br \/>\nAtacante: Grafite, Pedrinho Caruaru, Davi e Everton Felipe<\/p>\n<p style=\"text-align: justify;\">Fotos: Ascom Caruaru City<\/p>\n","protected":false},"excerpt":{"rendered":"<p>O Caruaru City deu in\u00edcio oficialmente nesta segunda-feira (13) \u00e0 pr\u00e9-temporada para a disputa do Campeonato Pernambucano S\u00e9rie A1 2022.&hellip;<\/p>\n","protected":false},"author":1,"featured_media":78366,"comment_status":"open","ping_status":"open","sticky":false,"template":"","format":"standard","meta":{"footnotes":""},"categories":[14123],"tags":[2,19532,3406,23597],"class_list":["post-78365","post","type-post","status-publish","format-standard","has-post-thumbnail","hentry","category-futebol","tag-blog-do-edvaldo-magalhaes","tag-blog-mais-acessado-e-visualizado-de-caruaru-e-regiao","tag-caruaru","tag-caruaru-city-inicia-oficialmente-a-pre-temporada-para-o-campeonato-pernambucano"],"_links":{"self":[{"href":"https:\/\/blogdoedvaldomagalhaes.com.br\/index.php\/wp-json\/wp\/v2\/posts\/78365","targetHints":{"allow":["GET"]}}],"collection":[{"href":"https:\/\/blogdoedvaldomagalhaes.com.br\/index.php\/wp-json\/wp\/v2\/posts"}],"about":[{"href":"https:\/\/blogdoedvaldomagalhaes.com.br\/index.php\/wp-json\/wp\/v2\/types\/post"}],"author":[{"embeddable":true,"href":"https:\/\/blogdoedvaldomagalhaes.com.br\/index.php\/wp-json\/wp\/v2\/users\/1"}],"replies":[{"embeddable":true,"href":"https:\/\/blogdoedvaldomagalhaes.com.br\/index.php\/wp-json\/wp\/v2\/comments?post=78365"}],"version-history":[{"count":1,"href":"https:\/\/blogdoedvaldomagalhaes.com.br\/index.php\/wp-json\/wp\/v2\/posts\/78365\/revisions"}],"predecessor-version":[{"id":78367,"href":"https:\/\/blogdoedvaldomagalhaes.com.br\/index.php\/wp-json\/wp\/v2\/posts\/78365\/revisions\/78367"}],"wp:featuredmedia":[{"embeddable":true,"href":"https:\/\/blogdoedvaldomagalhaes.com.br\/index.php\/wp-json\/wp\/v2\/media\/78366"}],"wp:attachment":[{"href":"https:\/\/blogdoedvaldomagalhaes.com.br\/index.php\/wp-json\/wp\/v2\/media?parent=78365"}],"wp:term":[{"taxonomy":"category","embeddable":true,"href":"https:\/\/blogdoedvaldomagalhaes.com.br\/index.php\/wp-json\/wp\/v2\/categories?post=78365"},{"taxonomy":"post_tag","embeddable":true,"href":"https:\/\/blogdoedvaldomagalhaes.com.br\/index.php\/wp-json\/wp\/v2\/tags?post=78365"}],"curies":[{"name":"wp","href":"https:\/\/api.w.org\/{rel}","templated":true}]}}