{"id":78360,"date":"2021-12-13T18:44:08","date_gmt":"2021-12-13T21:44:08","guid":{"rendered":"https:\/\/blogdoedvaldomagalhaes.com.br\/?p=78360"},"modified":"2021-12-13T18:44:10","modified_gmt":"2021-12-13T21:44:10","slug":"prefeitura-de-caruaru-realiza-novo-pagamento-do-programa-garantia-safra","status":"publish","type":"post","link":"https:\/\/blogdoedvaldomagalhaes.com.br\/index.php\/2021\/12\/13\/prefeitura-de-caruaru-realiza-novo-pagamento-do-programa-garantia-safra\/","title":{"rendered":"Prefeitura de Caruaru realiza novo pagamento do programa Garantia-Safra"},"content":{"rendered":"<p style=\"text-align: justify;\"><span style=\"font-size: inherit;\">A Prefeitura de Caruaru, por meio da Secretaria de Desenvolvimento Rural, est\u00e1 efetuando o pagamento relativo ao programa Garantia-Safra. Nesta primeira etapa, cada agricultor receber\u00e1 o valor de R$ 850 em parcela \u00fanica, obedecendo o calend\u00e1rio de pagamento dos benef\u00edcios sociais.<\/span><\/p>\n<p style=\"text-align: justify;\">O valor estar\u00e1 dispon\u00edvel para saque ainda neste m\u00eas de dezembro, para\u00a0 agricultores que realizaram a ades\u00e3o ao boleto na safra 2020\/2021. Ser\u00e3o injetados na economia local mais de R$ 470 mil, beneficiando 365 pequenos produtores da zona rural do munic\u00edpio.<\/p>\n<p style=\"text-align: justify;\">Tem direito a receber o benef\u00edcio o pequeno produtor familiar, com renda mensal de at\u00e9 um sal\u00e1rio m\u00ednimo e meio, que, por raz\u00e3o de seca ou enchentes, teve perda da produ\u00e7\u00e3o agr\u00edcola igual ou superior a 50%.<\/p>\n<p style=\"text-align: justify;\">Para o secret\u00e1rio de Desenvolvimento Rural de Caruaru, Bruno Fran\u00e7a, o recurso vem para fortalecer a economia agr\u00edcola local e garantir apoio aos agricultores que tiveram suas safras prejudicadas. \u201cEsse benef\u00edcio \u00e9 muito importante para apoiar aquele pequeno produtor que teve sua planta\u00e7\u00e3o prejudicada ao longo de per\u00edodos mais secos e vai gerar uma renda extra para que ele possa garantir o sustento da sua fam\u00edlia\u201d afirmou Fran\u00e7a.<\/p>\n<p style=\"text-align: justify;\">Para sacar o benef\u00edcio, o produtor rural deve se dirigir a alguma ag\u00eancia da Caixa Econ\u00f4mica Federal, com o Cart\u00e3o Cidad\u00e3o (informando o N\u00famero de Identifica\u00e7\u00e3o Social &#8211; NIS).<\/p>\n<p style=\"text-align: justify;\">O recurso \u00e9 voltado a agricultores familiares que plantam algod\u00e3o, macaxeira, milho, arroz e feij\u00e3o em pequenas propriedades e tem como objetivo ajudar as fam\u00edlias a se manterem, garantindo a seguran\u00e7a alimentar dos produtores. O Garantia-Safra \u00e9 uma a\u00e7\u00e3o do Minist\u00e9rio do Desenvolvimento Agr\u00e1rio (MDA) e que \u00e9 gerido pelo Programa Nacional de Fortalecimento da Agricultura Familiar (Pronaf).<\/p>\n<p style=\"text-align: justify;\">O produtor rural que n\u00e3o est\u00e1 com o nome na lista de beneficiados pode procurar a Secretaria de Desenvolvimento Rural, localizada no Bloco C da Prefeitura de Caruaru, na Rua Dr. Jos\u00e9 Rafael Cavalcanti, s\/n\u00b0, no Bairro Petr\u00f3polis, com RG e CPF para realizar a atualiza\u00e7\u00e3o cadastral. O hor\u00e1rio de atendimento \u00e9 das 7h \u00e0s 13h, de segunda a sexta-feira. Outras informa\u00e7\u00f5es podem ser obtidas pelo telefone (81) 3701-1455.<\/p>\n\n\n<figure class=\"wp-block-image size-large\"><img loading=\"lazy\" decoding=\"async\" width=\"1024\" height=\"682\" src=\"https:\/\/blogdoedvaldomagalhaes.com.br\/wp-content\/uploads\/2021\/12\/IMG-20211213-WA0331-1024x682.jpg\" alt=\"\" class=\"wp-image-78363\" srcset=\"https:\/\/blogdoedvaldomagalhaes.com.br\/wp-content\/uploads\/2021\/12\/IMG-20211213-WA0331-1024x682.jpg 1024w, https:\/\/blogdoedvaldomagalhaes.com.br\/wp-content\/uploads\/2021\/12\/IMG-20211213-WA0331-300x200.jpg 300w, https:\/\/blogdoedvaldomagalhaes.com.br\/wp-content\/uploads\/2021\/12\/IMG-20211213-WA0331-768x512.jpg 768w, https:\/\/blogdoedvaldomagalhaes.com.br\/wp-content\/uploads\/2021\/12\/IMG-20211213-WA0331.jpg 1280w\" sizes=\"auto, (max-width: 1024px) 100vw, 1024px\" \/><figcaption>Fotos: Divulga\u00e7\u00e3o <\/figcaption><\/figure>\n","protected":false},"excerpt":{"rendered":"<p>A Prefeitura de Caruaru, por meio da Secretaria de Desenvolvimento Rural, est\u00e1 efetuando o pagamento relativo ao programa Garantia-Safra. Nesta&hellip;<\/p>\n","protected":false},"author":1,"featured_media":78361,"comment_status":"open","ping_status":"open","sticky":false,"template":"","format":"standard","meta":{"footnotes":""},"categories":[14120],"tags":[2,19532,3406,23596],"class_list":["post-78360","post","type-post","status-publish","format-standard","has-post-thumbnail","hentry","category-noticias","tag-blog-do-edvaldo-magalhaes","tag-blog-mais-acessado-e-visualizado-de-caruaru-e-regiao","tag-caruaru","tag-prefeitura-de-caruaru-realiza-novo-pagamento-do-programa-garantia-safra"],"_links":{"self":[{"href":"https:\/\/blogdoedvaldomagalhaes.com.br\/index.php\/wp-json\/wp\/v2\/posts\/78360","targetHints":{"allow":["GET"]}}],"collection":[{"href":"https:\/\/blogdoedvaldomagalhaes.com.br\/index.php\/wp-json\/wp\/v2\/posts"}],"about":[{"href":"https:\/\/blogdoedvaldomagalhaes.com.br\/index.php\/wp-json\/wp\/v2\/types\/post"}],"author":[{"embeddable":true,"href":"https:\/\/blogdoedvaldomagalhaes.com.br\/index.php\/wp-json\/wp\/v2\/users\/1"}],"replies":[{"embeddable":true,"href":"https:\/\/blogdoedvaldomagalhaes.com.br\/index.php\/wp-json\/wp\/v2\/comments?post=78360"}],"version-history":[{"count":1,"href":"https:\/\/blogdoedvaldomagalhaes.com.br\/index.php\/wp-json\/wp\/v2\/posts\/78360\/revisions"}],"predecessor-version":[{"id":78364,"href":"https:\/\/blogdoedvaldomagalhaes.com.br\/index.php\/wp-json\/wp\/v2\/posts\/78360\/revisions\/78364"}],"wp:featuredmedia":[{"embeddable":true,"href":"https:\/\/blogdoedvaldomagalhaes.com.br\/index.php\/wp-json\/wp\/v2\/media\/78361"}],"wp:attachment":[{"href":"https:\/\/blogdoedvaldomagalhaes.com.br\/index.php\/wp-json\/wp\/v2\/media?parent=78360"}],"wp:term":[{"taxonomy":"category","embeddable":true,"href":"https:\/\/blogdoedvaldomagalhaes.com.br\/index.php\/wp-json\/wp\/v2\/categories?post=78360"},{"taxonomy":"post_tag","embeddable":true,"href":"https:\/\/blogdoedvaldomagalhaes.com.br\/index.php\/wp-json\/wp\/v2\/tags?post=78360"}],"curies":[{"name":"wp","href":"https:\/\/api.w.org\/{rel}","templated":true}]}}