{"id":78357,"date":"2021-12-13T17:56:05","date_gmt":"2021-12-13T20:56:05","guid":{"rendered":"https:\/\/blogdoedvaldomagalhaes.com.br\/?p=78357"},"modified":"2021-12-13T17:56:06","modified_gmt":"2021-12-13T20:56:06","slug":"raffie-participa-de-mais-um-encontro-de-formacao-politica-em-sao-paulo","status":"publish","type":"post","link":"https:\/\/blogdoedvaldomagalhaes.com.br\/index.php\/2021\/12\/13\/raffie-participa-de-mais-um-encontro-de-formacao-politica-em-sao-paulo\/","title":{"rendered":"Raffi\u00ea participa de mais um encontro de forma\u00e7\u00e3o pol\u00edtica em S\u00e3o Paulo"},"content":{"rendered":"<p style=\"text-align: justify;\">O pr\u00e9-candidato \u00e0 Deputado Estadual, Raffi\u00ea Dellon, segue se preparando para a disputa do pleito eleitoral do ano que vem. O jovem embarcou na \u00faltima sexta-feira para S\u00e3o Paulo onde est\u00e1 participando de mais um encontro de forma\u00e7\u00e3o t\u00e9cnica do Renova Brasil, que \u00e9 a maior escola de forma\u00e7\u00e3o pol\u00edtica do pa\u00eds. Fruto de um processo seletivo bastante concorrido, onde 12 mil pessoas de todos os estados brasileiros disputaram apenas 150 vagas para o curso. O ex-ministro da Fazenda e tamb\u00e9m do Banco Central, da equipe econ\u00f4mica da cria\u00e7\u00e3o do Plano Real, Pedro Malan, foi um dos palestrantes do encontro que segue at\u00e9 a quarta-feira.<\/p>\n<p style=\"text-align: justify;\">Nesta etapa ser\u00e3o 5 dias de imers\u00e3o com a participa\u00e7\u00e3o de nomes nacionais e internacionais da Gest\u00e3o P\u00fablica. Tem\u00e1ticas como Mobilidade Urbana, Cidades, Economia, Educa\u00e7\u00e3o, Sa\u00fade e Sustentabilidade Social s\u00e3o alguns motes dos debates. Segundo Raffi\u00ea o Renova tem sido uma grande oportunidade de aprimoramento e capacita\u00e7\u00e3o: \u201cQuando precisamos de um profissional em algum \u00e1rea da nossa vida sempre tentamos buscar o melhor, o mais capacitado, o mais preparado, o que mais domina do assunto. Seja um mec\u00e2nico, um cabeleireiro,um m\u00e9dico e por a\u00ed vai. Na pol\u00edtica, com os nossos representantes n\u00e3o pode ser diferente. \u00c9 realmente formar pessoas comuns para se transformarem em pol\u00edticos fora do comum\u201d. Comentou.<\/p>\n","protected":false},"excerpt":{"rendered":"<p>O pr\u00e9-candidato \u00e0 Deputado Estadual, Raffi\u00ea Dellon, segue se preparando para a disputa do pleito eleitoral do ano que vem.&hellip;<\/p>\n","protected":false},"author":1,"featured_media":78358,"comment_status":"open","ping_status":"open","sticky":false,"template":"","format":"standard","meta":{"footnotes":""},"categories":[14122],"tags":[2,19532,3406,23595],"class_list":["post-78357","post","type-post","status-publish","format-standard","has-post-thumbnail","hentry","category-politica","tag-blog-do-edvaldo-magalhaes","tag-blog-mais-acessado-e-visualizado-de-caruaru-e-regiao","tag-caruaru","tag-raffie-participa-de-mais-um-encontro-de-formacao-politica-em-sao-paulo"],"_links":{"self":[{"href":"https:\/\/blogdoedvaldomagalhaes.com.br\/index.php\/wp-json\/wp\/v2\/posts\/78357","targetHints":{"allow":["GET"]}}],"collection":[{"href":"https:\/\/blogdoedvaldomagalhaes.com.br\/index.php\/wp-json\/wp\/v2\/posts"}],"about":[{"href":"https:\/\/blogdoedvaldomagalhaes.com.br\/index.php\/wp-json\/wp\/v2\/types\/post"}],"author":[{"embeddable":true,"href":"https:\/\/blogdoedvaldomagalhaes.com.br\/index.php\/wp-json\/wp\/v2\/users\/1"}],"replies":[{"embeddable":true,"href":"https:\/\/blogdoedvaldomagalhaes.com.br\/index.php\/wp-json\/wp\/v2\/comments?post=78357"}],"version-history":[{"count":1,"href":"https:\/\/blogdoedvaldomagalhaes.com.br\/index.php\/wp-json\/wp\/v2\/posts\/78357\/revisions"}],"predecessor-version":[{"id":78359,"href":"https:\/\/blogdoedvaldomagalhaes.com.br\/index.php\/wp-json\/wp\/v2\/posts\/78357\/revisions\/78359"}],"wp:featuredmedia":[{"embeddable":true,"href":"https:\/\/blogdoedvaldomagalhaes.com.br\/index.php\/wp-json\/wp\/v2\/media\/78358"}],"wp:attachment":[{"href":"https:\/\/blogdoedvaldomagalhaes.com.br\/index.php\/wp-json\/wp\/v2\/media?parent=78357"}],"wp:term":[{"taxonomy":"category","embeddable":true,"href":"https:\/\/blogdoedvaldomagalhaes.com.br\/index.php\/wp-json\/wp\/v2\/categories?post=78357"},{"taxonomy":"post_tag","embeddable":true,"href":"https:\/\/blogdoedvaldomagalhaes.com.br\/index.php\/wp-json\/wp\/v2\/tags?post=78357"}],"curies":[{"name":"wp","href":"https:\/\/api.w.org\/{rel}","templated":true}]}}